{"id":571,"date":"2015-02-26T13:05:29","date_gmt":"2015-02-26T11:05:29","guid":{"rendered":"http:\/\/www.fleck-ev.de\/?p=571"},"modified":"2015-12-19T00:34:42","modified_gmt":"2015-12-18T22:34:42","slug":"games-snacks-and-music","status":"publish","type":"post","link":"https:\/\/www.fleck-ev.de\/?p=571","title":{"rendered":"Games, Snacks, Music &#8211; im Jugendtreff Gleis 3"},"content":{"rendered":"<p>Am 28. Februar klang internationale Musik aus den R\u00e4umen des Jugendtreffs Gleis 3 in Eschenau: Im gro\u00dfen Veranstaltungssaal legten syrische Fl\u00fcchtlinge die Musik auf und im Caf\u00e8bereich war die Musik der \u00c4thiopier angesagt. Dann Musik aus Albanien, Livemusik auf Arabisch und tanzende junge M\u00e4nner, fr\u00f6hliche Kinder und zufriedene Besucher&#8230;.<\/p>\n<p>Alles fing damit an, dass eine Gruppe von Theologiestudenten aus Marburg ein Nachmittagsprogramm mit Fl\u00fcchtlingen veranstalten wollten. Die Sporthallen waren leider ausgebucht, doch da \u00f6ffnete sich die T\u00fcr in den Jugendtreff Gleis 3. In Kooperation mit dem Jugendb\u00fcro Eckental und der Landeskirchlichen Gemeinschaft wurde innerhalb kurzer Zeit ein Konzept auf die Beine gestellt, dass sich: &#8222;GAMES, SNACKS, MUSIC&#8220; nannte. Die hiesigen Fl\u00fcchtlinge wurden im Sprachunterricht und in den Unterk\u00fcnften zu der Veranstaltung eingeladen &#8211; und sie kamen! Die M\u00f6glichkeiten von Gleis 3 waren optimal, um am Samstag Nachmittag vier Stunden lang Hockey, Billard, Fu\u00dfball, Kicker und Tischtennis zu spielen, S\u00fc\u00dfes und Salziges zu snacken und viel Musik zu h\u00f6ren, zu machen und dabei zu tanzen. Die etwa 30 jungen M\u00e4nner aus \u00c4thiopien, Syrien, Kosovo und Albanien hatten eine tolle Zeit mit den Marburger Studenten und den Eckentalern.<\/p>\n<p><a href=\"http:\/\/www.fleck-ev.de\/wp-content\/uploads\/2015\/02\/Gleis3.jpg\"><img loading=\"lazy\" decoding=\"async\" class=\"alignnone size-large wp-image-582\" src=\"http:\/\/www.fleck-ev.de\/wp-content\/uploads\/2015\/02\/Gleis3-1024x299.jpg\" alt=\"Gleis3\" width=\"955\" height=\"279\" srcset=\"https:\/\/www.fleck-ev.de\/wp-content\/uploads\/2015\/02\/Gleis3-1024x299.jpg 1024w, https:\/\/www.fleck-ev.de\/wp-content\/uploads\/2015\/02\/Gleis3-300x87.jpg 300w\" sizes=\"auto, (max-width: 955px) 100vw, 955px\" \/><\/a><\/p>\n<p>Fl\u00fcchtlinge Willkommen! Dieses Motto auf dem Banner im Gleis 3 traf den Nagel auf den Kopf, als am 28.2. ein tolles Programm, Getr\u00e4nke und Snacks miteinander geteilt wurden.<\/p>\n","protected":false},"excerpt":{"rendered":"<p>Am 28. Februar klang internationale Musik aus den R\u00e4umen des Jugendtreffs Gleis 3 in Eschenau: Im gro\u00dfen Veranstaltungssaal legten syrische Fl\u00fcchtlinge die Musik auf und im Caf\u00e8bereich war die Musik der \u00c4thiopier angesagt. Dann Musik aus Albanien, Livemusik auf Arabisch und tanzende junge M\u00e4nner, fr\u00f6hliche Kinder und zufriedene Besucher&#8230;. Alles fing damit an, dass eine [&hellip;]<\/p>\n","protected":false},"author":1,"featured_media":0,"comment_status":"closed","ping_status":"closed","sticky":false,"template":"","format":"standard","meta":{"footnotes":""},"categories":[1],"tags":[],"class_list":["post-571","post","type-post","status-publish","format-standard","hentry","category-allgemein"],"_links":{"self":[{"href":"https:\/\/www.fleck-ev.de\/index.php?rest_route=\/wp\/v2\/posts\/571","targetHints":{"allow":["GET"]}}],"collection":[{"href":"https:\/\/www.fleck-ev.de\/index.php?rest_route=\/wp\/v2\/posts"}],"about":[{"href":"https:\/\/www.fleck-ev.de\/index.php?rest_route=\/wp\/v2\/types\/post"}],"author":[{"embeddable":true,"href":"https:\/\/www.fleck-ev.de\/index.php?rest_route=\/wp\/v2\/users\/1"}],"replies":[{"embeddable":true,"href":"https:\/\/www.fleck-ev.de\/index.php?rest_route=%2Fwp%2Fv2%2Fcomments&post=571"}],"version-history":[{"count":7,"href":"https:\/\/www.fleck-ev.de\/index.php?rest_route=\/wp\/v2\/posts\/571\/revisions"}],"predecessor-version":[{"id":662,"href":"https:\/\/www.fleck-ev.de\/index.php?rest_route=\/wp\/v2\/posts\/571\/revisions\/662"}],"wp:attachment":[{"href":"https:\/\/www.fleck-ev.de\/index.php?rest_route=%2Fwp%2Fv2%2Fmedia&parent=571"}],"wp:term":[{"taxonomy":"category","embeddable":true,"href":"https:\/\/www.fleck-ev.de\/index.php?rest_route=%2Fwp%2Fv2%2Fcategories&post=571"},{"taxonomy":"post_tag","embeddable":true,"href":"https:\/\/www.fleck-ev.de\/index.php?rest_route=%2Fwp%2Fv2%2Ftags&post=571"}],"curies":[{"name":"wp","href":"https:\/\/api.w.org\/{rel}","templated":true}]}}