{"id":4999,"date":"2025-06-30T10:19:05","date_gmt":"2025-06-30T08:19:05","guid":{"rendered":"https:\/\/www.fleck-ev.de\/?p=4999"},"modified":"2025-06-30T10:19:05","modified_gmt":"2025-06-30T08:19:05","slug":"einladung-zur-mitgliederversammlung","status":"publish","type":"post","link":"https:\/\/www.fleck-ev.de\/?p=4999","title":{"rendered":"Einladung zur Mitgliederversammlung"},"content":{"rendered":"\n<p><\/p>\n\n\n\n<p>Liebe Mitglieder von FLEck e.V.,<br>liebe ehrenamtliche Helfer:innen,<br>liebe Freund:innen und Interessierte,<br><br><\/p>\n\n\n\n<p>unsere diesj\u00e4hrige, ordentliche Mitgliederversammlung findet am<br><br><br><strong>&nbsp;&nbsp;&nbsp;&nbsp;&nbsp;&nbsp;&nbsp;&nbsp;&nbsp;&nbsp;&nbsp;&nbsp;&nbsp;&nbsp;&nbsp;&nbsp;Mittwoch, den<\/strong>&nbsp;<strong>02. Juli 2025,<\/strong>&nbsp;<strong>um 19:30 Uhr<\/strong><br><\/p>\n\n\n\n<p>am FLEck-Standort im Interimsgeb\u00e4ude<br>Ambazac-Stra\u00dfe 5, 90542 Eschenau<br><br>statt.<\/p>\n\n\n\n<p>Auf der Tagesordnung stehen folgende Themen:<\/p>\n\n\n\n<p>1) Bericht des Vorstands<\/p>\n\n\n\n<p>2) Kassenbericht<\/p>\n\n\n\n<p>3) Bericht der Kassenpr\u00fcfer<\/p>\n\n\n\n<p>4) Entlastung des Schatzmeisters<\/p>\n\n\n\n<p>5) Entlastung des Vorstands<\/p>\n\n\n\n<p>6) Neuwahl Vorstand und Kassenpr\u00fcfer<\/p>\n\n\n\n<p>7) Sonstiges\/Antr\u00e4ge\/Termine<\/p>\n\n\n\n<p>Antr\u00e4ge auf Erg\u00e4nzungen zur Tagesordnung k\u00f6nnen nur ber\u00fccksichtigt werden, wenn diese sp\u00e4testens eine Woche vor der Jahreshauptversammlung schriftlich beim Vorstand eingegangen sind (\u00a7 7 Abs. 9 der (neuen) Satzung).<\/p>\n\n\n\n<p>Noch ein Wort zu den Neuwahlen:<\/p>\n\n\n\n<p>Vorstand und Leitungskreis sind seit nunmehr 10 Jahren ein gut eingespieltes Team, das die vielen Aufgaben und Weichenstellungen unseres Vereins zusammen gut bew\u00e4ltigen konnte und kann. Unsere neue Satzung hat allen Pr\u00fcfungen seitens der Beh\u00f6rden m\u00fchelos standgehalten und ist seit kurzem beim Registergericht so eingetragen. Wir sind fit f\u00fcr die n\u00e4chsten Jahre!<\/p>\n\n\n\n<p>Zu einem guten Team geh\u00f6ren immer auch einsatzbereite Menschen, die wir wieder zus\u00e4tzlich gewinnen m\u00f6chten.<\/p>\n\n\n\n<p>Wir freuen uns sehr \u00fcber neues Engagement und neue Ideen, gerne auch in verantwortlicher Position im Vorstand.<br>Beides ist entscheidend f\u00fcr die Weiterentwicklung unseres Vereins.<br>Melden Sie sich gerne, wenn Sie dazu bereit sind \u2013 Neuwahlen sind immer auch eine gute Gelegenheit.<\/p>\n\n\n\n<p>Wir laden alle Mitglieder ganz herzlich zur Mitgliederversammlung ein und freuen uns auf ein Wiedersehen.<\/p>\n\n\n\n<p>Mit freundlichen Gr\u00fc\u00dfen<\/p>\n\n\n\n<p>Claudia Bl\u00f6chl<br>f\u00fcr den Vorstand<br>FLEck e.V. Fl\u00fcchtlingsinitiative Eckental<br>&#8211; ein guter Platz zum Leben \u2013<\/p>\n","protected":false},"excerpt":{"rendered":"<p>Liebe Mitglieder von FLEck e.V.,liebe ehrenamtliche Helfer:innen,liebe Freund:innen und Interessierte, unsere diesj\u00e4hrige, ordentliche Mitgliederversammlung findet am &nbsp;&nbsp;&nbsp;&nbsp;&nbsp;&nbsp;&nbsp;&nbsp;&nbsp;&nbsp;&nbsp;&nbsp;&nbsp;&nbsp;&nbsp;&nbsp;Mittwoch, den&nbsp;02. Juli 2025,&nbsp;um 19:30 Uhr am FLEck-Standort im Interimsgeb\u00e4udeAmbazac-Stra\u00dfe 5, 90542 Eschenau statt. Auf der Tagesordnung stehen folgende Themen: 1) Bericht des Vorstands 2) Kassenbericht 3) Bericht der Kassenpr\u00fcfer 4) Entlastung des Schatzmeisters 5) Entlastung des Vorstands 6) [&hellip;]<\/p>\n","protected":false},"author":7,"featured_media":0,"comment_status":"closed","ping_status":"closed","sticky":false,"template":"","format":"standard","meta":{"footnotes":""},"categories":[1],"tags":[],"class_list":["post-4999","post","type-post","status-publish","format-standard","hentry","category-allgemein"],"_links":{"self":[{"href":"https:\/\/www.fleck-ev.de\/index.php?rest_route=\/wp\/v2\/posts\/4999","targetHints":{"allow":["GET"]}}],"collection":[{"href":"https:\/\/www.fleck-ev.de\/index.php?rest_route=\/wp\/v2\/posts"}],"about":[{"href":"https:\/\/www.fleck-ev.de\/index.php?rest_route=\/wp\/v2\/types\/post"}],"author":[{"embeddable":true,"href":"https:\/\/www.fleck-ev.de\/index.php?rest_route=\/wp\/v2\/users\/7"}],"replies":[{"embeddable":true,"href":"https:\/\/www.fleck-ev.de\/index.php?rest_route=%2Fwp%2Fv2%2Fcomments&post=4999"}],"version-history":[{"count":1,"href":"https:\/\/www.fleck-ev.de\/index.php?rest_route=\/wp\/v2\/posts\/4999\/revisions"}],"predecessor-version":[{"id":5000,"href":"https:\/\/www.fleck-ev.de\/index.php?rest_route=\/wp\/v2\/posts\/4999\/revisions\/5000"}],"wp:attachment":[{"href":"https:\/\/www.fleck-ev.de\/index.php?rest_route=%2Fwp%2Fv2%2Fmedia&parent=4999"}],"wp:term":[{"taxonomy":"category","embeddable":true,"href":"https:\/\/www.fleck-ev.de\/index.php?rest_route=%2Fwp%2Fv2%2Fcategories&post=4999"},{"taxonomy":"post_tag","embeddable":true,"href":"https:\/\/www.fleck-ev.de\/index.php?rest_route=%2Fwp%2Fv2%2Ftags&post=4999"}],"curies":[{"name":"wp","href":"https:\/\/api.w.org\/{rel}","templated":true}]}}