{"id":498,"date":"2015-02-12T14:00:53","date_gmt":"2015-02-12T12:00:53","guid":{"rendered":"http:\/\/www.fleck-ev.de\/?p=498"},"modified":"2018-05-23T11:42:43","modified_gmt":"2018-05-23T09:42:43","slug":"498","status":"publish","type":"post","link":"https:\/\/www.fleck-ev.de\/?p=498","title":{"rendered":"Zufluchtsort Deutschland &#8211; Theorie und Praxis in der Fl\u00fcchtlingshilfe"},"content":{"rendered":"<p>Sehr eindrucksvoll hat Pater Frido Pfl\u00fcger die Zuh\u00f6rer am 27. Februar in der Katholischen Kirche Eckenhaid in eine Welt eingef\u00fchrt, die zunehmend von Flucht und Vertreibung gepr\u00e4gt ist. Seit dem 2. Weltkrieg war die Anzahl der Menschen nicht mehr so gro\u00df, die innerhalb des eigenen Landes oder \u00fcber die Grenzen hinweg ihre Heimat verlassen m\u00fcssen. Pater Frido berichtete vor allem aus Afrika, wo es Entwicklungsl\u00e4nder sind, die gro\u00dfe Mengen an Fl\u00fcchtlingen aufnehmen. Im Rahmen des Jesuiten-Fl\u00fcchtlingsdienstes war Pater Frido\u00a0 dort f\u00fcr die Schulbildung von 30.000 Kinder verantwortlich, die fern von ihrer eigentlichen Heimat in Fl\u00fcchtlingslagern aufwuchsen.<\/p>\n<p>Durch den Vortrag wurde einem bewusst, wie gro\u00df die Not der Menschen ist, die fliehen m\u00fcssen und wie wichtig qualifizierte Hilfe ist. Die Relationen wurden auch ins rechte Licht ger\u00fcckt: Wenn wir denken es kommen viele Fl\u00fcchtlinge, dann sind die weniger als 1 % von Asylsuchenden in unserer hiesigen Bev\u00f6lkerung ein Bruchteil dessen, was andere L\u00e4nder an Gastfreundschaft leisten, die in unmittelbarer Umgebung von Krisenl\u00e4ndern sind.<\/p>\n<p>100 G\u00e4ste kamen zu der Veranstaltung &#8222;Zufluchtsort Deutschland&#8220; zu der die Katholische Kirche Eckenhaid, die Fl\u00fcchtlingsinitiative FLEck e.V. und der Markt Eckental geladen haben.<\/p>\n","protected":false},"excerpt":{"rendered":"<p>Sehr eindrucksvoll hat Pater Frido Pfl\u00fcger die Zuh\u00f6rer am 27. Februar in der Katholischen Kirche Eckenhaid in eine Welt eingef\u00fchrt, die zunehmend von Flucht und Vertreibung gepr\u00e4gt ist. Seit dem 2. Weltkrieg war die Anzahl der Menschen nicht mehr so gro\u00df, die innerhalb des eigenen Landes oder \u00fcber die Grenzen hinweg ihre Heimat verlassen m\u00fcssen. [&hellip;]<\/p>\n","protected":false},"author":1,"featured_media":0,"comment_status":"closed","ping_status":"closed","sticky":false,"template":"","format":"standard","meta":{"footnotes":""},"categories":[1],"tags":[],"class_list":["post-498","post","type-post","status-publish","format-standard","hentry","category-allgemein"],"_links":{"self":[{"href":"https:\/\/www.fleck-ev.de\/index.php?rest_route=\/wp\/v2\/posts\/498","targetHints":{"allow":["GET"]}}],"collection":[{"href":"https:\/\/www.fleck-ev.de\/index.php?rest_route=\/wp\/v2\/posts"}],"about":[{"href":"https:\/\/www.fleck-ev.de\/index.php?rest_route=\/wp\/v2\/types\/post"}],"author":[{"embeddable":true,"href":"https:\/\/www.fleck-ev.de\/index.php?rest_route=\/wp\/v2\/users\/1"}],"replies":[{"embeddable":true,"href":"https:\/\/www.fleck-ev.de\/index.php?rest_route=%2Fwp%2Fv2%2Fcomments&post=498"}],"version-history":[{"count":8,"href":"https:\/\/www.fleck-ev.de\/index.php?rest_route=\/wp\/v2\/posts\/498\/revisions"}],"predecessor-version":[{"id":2501,"href":"https:\/\/www.fleck-ev.de\/index.php?rest_route=\/wp\/v2\/posts\/498\/revisions\/2501"}],"wp:attachment":[{"href":"https:\/\/www.fleck-ev.de\/index.php?rest_route=%2Fwp%2Fv2%2Fmedia&parent=498"}],"wp:term":[{"taxonomy":"category","embeddable":true,"href":"https:\/\/www.fleck-ev.de\/index.php?rest_route=%2Fwp%2Fv2%2Fcategories&post=498"},{"taxonomy":"post_tag","embeddable":true,"href":"https:\/\/www.fleck-ev.de\/index.php?rest_route=%2Fwp%2Fv2%2Ftags&post=498"}],"curies":[{"name":"wp","href":"https:\/\/api.w.org\/{rel}","templated":true}]}}