{"id":496,"date":"2015-02-12T13:55:30","date_gmt":"2015-02-12T11:55:30","guid":{"rendered":"http:\/\/www.fleck-ev.de\/?p=496"},"modified":"2015-12-19T00:34:58","modified_gmt":"2015-12-18T22:34:58","slug":"fleck-informiert-12-2","status":"publish","type":"post","link":"https:\/\/www.fleck-ev.de\/?p=496","title":{"rendered":"FLEck informiert (12.2.)"},"content":{"rendered":"<p>Als es darum ging, die Arbeitskreise der Fl\u00fcchtlingsinitiative FLEck mit Leben zu f\u00fcllen und ganz konkret zu kl\u00e4ren, wer wo mit anpacken kann, trafen sich 85 Eckentaler, die sich mit viel Elan und noch mehr guten Ideen den Themen Alltagsbegleitung, Sachspenden, Freizeit- und Begegnung, Sprachtraining und Unterst\u00fctzung in der Ausbildung und bei der Arbeitssuche widmeten. Und in gro\u00dfen Schritten geht es voran: die Unterkunft in der Klingenstra\u00dfe ist inzwischen schon sehr wohnlich eingerichtet, jeden Tag werden Deutschkurse auf den unterschiedlichsten Levels von Ehrenamtlichen angeboten, ein Begegnungscafe soll etabliert und die Asylsuchenden in unsere Gemeinde auch \u00fcber die Sportvereine integriert werden. Die Alltagsbegleiter sind stark gefordert, denn die Klingenstra\u00dfe ist bald voll belegt und auch in der &#8222;Schwane&#8220; wurden die ersten Fl\u00fcchtlinge untergebracht. Das Zusammenleben unterschiedlichster Nationen auf engstem Raum, die sich untereinander nicht verst\u00e4ndigen k\u00f6nnen, erfordert viel Toleranz und ist nicht immer leicht, aber alle tragen ihren Teil dazu bei. Und w\u00e4hrend immer wieder neue Fl\u00fcchtlinge bei uns eintreffen, bekam einer der Ersten schon seine Anerkennung und kann nun sicher in Deutschland bleiben. Aber FLEck beschr\u00e4nkt sich nicht auf die mehr als notwendige Arbeit vor Ort, denn eine weitere wichtige Aufgabe ist die Einmischung auf politischer Ebene. Die Ehrenamtlichen m\u00fcssen der Politik r\u00fcckmelden, wo der Schuh dr\u00fcckt: Auf der FLEck-Homepage werden unter &#8222;Appell&#8220; wichtige Anliegen thematisiert, aktuell die fehlenden Berufsschulkapazit\u00e4ten im Landkreis. Da wollen junge Leute lernen und es gibt \u00fcber Monate weg keine Aussicht auf freie Berufsschulpl\u00e4tze &#8211; &#8222;fehlende Kapazit\u00e4ten&#8220; auf vielen Ebenen: damit werden die Helfer t\u00e4glich konfrontiert und h\u00e4ufig steht man hilf- und auch fassungslos davor. Umso dankbarer ist FLEck \u00fcber die Unterst\u00fctzung und Zusammenarbeit mit der Gemeinde, die hervorragend klappt: in Eckental arbeitet man Hand in Hand<\/p>\n","protected":false},"excerpt":{"rendered":"<p>Als es darum ging, die Arbeitskreise der Fl\u00fcchtlingsinitiative FLEck mit Leben zu f\u00fcllen und ganz konkret zu kl\u00e4ren, wer wo mit anpacken kann, trafen sich 85 Eckentaler, die sich mit viel Elan und noch mehr guten Ideen den Themen Alltagsbegleitung, Sachspenden, Freizeit- und Begegnung, Sprachtraining und Unterst\u00fctzung in der Ausbildung und bei der Arbeitssuche widmeten. [&hellip;]<\/p>\n","protected":false},"author":1,"featured_media":0,"comment_status":"closed","ping_status":"closed","sticky":false,"template":"","format":"standard","meta":{"footnotes":""},"categories":[1],"tags":[],"class_list":["post-496","post","type-post","status-publish","format-standard","hentry","category-allgemein"],"_links":{"self":[{"href":"https:\/\/www.fleck-ev.de\/index.php?rest_route=\/wp\/v2\/posts\/496","targetHints":{"allow":["GET"]}}],"collection":[{"href":"https:\/\/www.fleck-ev.de\/index.php?rest_route=\/wp\/v2\/posts"}],"about":[{"href":"https:\/\/www.fleck-ev.de\/index.php?rest_route=\/wp\/v2\/types\/post"}],"author":[{"embeddable":true,"href":"https:\/\/www.fleck-ev.de\/index.php?rest_route=\/wp\/v2\/users\/1"}],"replies":[{"embeddable":true,"href":"https:\/\/www.fleck-ev.de\/index.php?rest_route=%2Fwp%2Fv2%2Fcomments&post=496"}],"version-history":[{"count":1,"href":"https:\/\/www.fleck-ev.de\/index.php?rest_route=\/wp\/v2\/posts\/496\/revisions"}],"predecessor-version":[{"id":497,"href":"https:\/\/www.fleck-ev.de\/index.php?rest_route=\/wp\/v2\/posts\/496\/revisions\/497"}],"wp:attachment":[{"href":"https:\/\/www.fleck-ev.de\/index.php?rest_route=%2Fwp%2Fv2%2Fmedia&parent=496"}],"wp:term":[{"taxonomy":"category","embeddable":true,"href":"https:\/\/www.fleck-ev.de\/index.php?rest_route=%2Fwp%2Fv2%2Fcategories&post=496"},{"taxonomy":"post_tag","embeddable":true,"href":"https:\/\/www.fleck-ev.de\/index.php?rest_route=%2Fwp%2Fv2%2Ftags&post=496"}],"curies":[{"name":"wp","href":"https:\/\/api.w.org\/{rel}","templated":true}]}}