{"id":366,"date":"2015-01-01T10:10:43","date_gmt":"2015-01-01T08:10:43","guid":{"rendered":"http:\/\/www.fleck-ev.de\/?p=366"},"modified":"2015-12-19T00:35:10","modified_gmt":"2015-12-18T22:35:10","slug":"zwischenstand-der-fluechtlingsinitiative-in-eckental","status":"publish","type":"post","link":"https:\/\/www.fleck-ev.de\/?p=366","title":{"rendered":"FLEck e.V.: Zwischenstand zum Jahreswechsel"},"content":{"rendered":"<p>Eckental beherbergt inzwischen Fl\u00fcchtlinge aus Tschetschenien, Serbien, Syrien, dem Iran und Pakistan. Jeden Tag k\u00f6nnen neue Nationalit\u00e4ten hinzukommen. Die Vorlauf- und entsprechende Vorbereitungszeit auf die Ankunft von neuen Bewohnern ist f\u00fcr uns Ehrenamtliche sehr gering. Die Mitarbeiter des Landratsamtes sind zwar bem\u00fcht, k\u00f6nnen sich jedoch aufgrund mangelnder personeller Kapazit\u00e4ten in den Unterk\u00fcnften nur um das Allernotwendigste k\u00fcmmern. Hier bleiben viele Bed\u00fcrfnisse und Aufgaben auf der Strecke. Auch wenn die Fl\u00fcchtlingsinitative als Verein noch nicht\u00a0 gegr\u00fcndet ist, ist FLEck deshalb bereits sehr aktiv und f\u00fcr weitere Unterst\u00fctzung dankbar. Gesucht werden vor allem noch Alltagsbegleiter und Dolmetscher, die auch kurzfristig zur Verf\u00fcgung stehen. Auch Vereine und Organisationen, die spezielle Angebote f\u00fcr Fl\u00fcchtlinge haben, sind uns herzlich willkommen.<br \/>\nDie Mitarbeiter von FLEck sind begeistert von der Hilfsbereitschaft aus der Bev\u00f6lkerung\u00a0 und von den vielen tollen und mannigfaltigen Ideen, die sie t\u00e4glich erreichen. Die Vorschl\u00e4ge, Hilfsangebote und hilfreichen Hinweise werden gesammelt und im kommenden Jahr St\u00fcck f\u00fcr St\u00fcck ein- und umgesetzt. Ab Januar werden Arbeitskreise zu Themen wie &#8222;Sprachunterricht&#8220; oder &#8222;Ausbildung und Begleitung der ehrenamtlichen Mitarbeiter&#8220; tagen. Mehr und Aktuelles zu den genannten Themen werden auf der Gr\u00fcndungsversammlung oder hier auf der Homepage weitergegeben.<\/p>\n","protected":false},"excerpt":{"rendered":"<p>Eckental beherbergt inzwischen Fl\u00fcchtlinge aus Tschetschenien, Serbien, Syrien, dem Iran und Pakistan. Jeden Tag k\u00f6nnen neue Nationalit\u00e4ten hinzukommen. Die Vorlauf- und entsprechende Vorbereitungszeit auf die Ankunft von neuen Bewohnern ist f\u00fcr uns Ehrenamtliche sehr gering. Die Mitarbeiter des Landratsamtes sind zwar bem\u00fcht, k\u00f6nnen sich jedoch aufgrund mangelnder personeller Kapazit\u00e4ten in den Unterk\u00fcnften nur um das [&hellip;]<\/p>\n","protected":false},"author":1,"featured_media":0,"comment_status":"closed","ping_status":"closed","sticky":false,"template":"","format":"standard","meta":{"footnotes":""},"categories":[1],"tags":[],"class_list":["post-366","post","type-post","status-publish","format-standard","hentry","category-allgemein"],"_links":{"self":[{"href":"https:\/\/www.fleck-ev.de\/index.php?rest_route=\/wp\/v2\/posts\/366","targetHints":{"allow":["GET"]}}],"collection":[{"href":"https:\/\/www.fleck-ev.de\/index.php?rest_route=\/wp\/v2\/posts"}],"about":[{"href":"https:\/\/www.fleck-ev.de\/index.php?rest_route=\/wp\/v2\/types\/post"}],"author":[{"embeddable":true,"href":"https:\/\/www.fleck-ev.de\/index.php?rest_route=\/wp\/v2\/users\/1"}],"replies":[{"embeddable":true,"href":"https:\/\/www.fleck-ev.de\/index.php?rest_route=%2Fwp%2Fv2%2Fcomments&post=366"}],"version-history":[{"count":7,"href":"https:\/\/www.fleck-ev.de\/index.php?rest_route=\/wp\/v2\/posts\/366\/revisions"}],"predecessor-version":[{"id":412,"href":"https:\/\/www.fleck-ev.de\/index.php?rest_route=\/wp\/v2\/posts\/366\/revisions\/412"}],"wp:attachment":[{"href":"https:\/\/www.fleck-ev.de\/index.php?rest_route=%2Fwp%2Fv2%2Fmedia&parent=366"}],"wp:term":[{"taxonomy":"category","embeddable":true,"href":"https:\/\/www.fleck-ev.de\/index.php?rest_route=%2Fwp%2Fv2%2Fcategories&post=366"},{"taxonomy":"post_tag","embeddable":true,"href":"https:\/\/www.fleck-ev.de\/index.php?rest_route=%2Fwp%2Fv2%2Ftags&post=366"}],"curies":[{"name":"wp","href":"https:\/\/api.w.org\/{rel}","templated":true}]}}