{"id":102,"date":"2015-01-19T10:46:41","date_gmt":"2015-01-19T08:46:41","guid":{"rendered":"http:\/\/www.fluechtlingsinitiative-eckental.de\/?p=102"},"modified":"2018-05-23T11:41:41","modified_gmt":"2018-05-23T09:41:41","slug":"herzliche-einladung-zur-gruendungsversammlung","status":"publish","type":"post","link":"https:\/\/www.fleck-ev.de\/?p=102","title":{"rendered":"FLEck e.V. ist gegr\u00fcndet!"},"content":{"rendered":"<p>Das Echo auf die Einladung der Initiatoren zur Gr\u00fcndungsversammlung der \u201cFl\u00fcchtlingsinitiative Eckental FLEck e.V. \u2013 ein guter Platz zum Leben\u201d war \u00fcberw\u00e4ltigend: 162 Interessierte fanden sich am 15. Januar 2015 im Gasthaus Rotes Ross in Eschenau ein. Vor dem Gasthaus versammelten sich f\u00fcnf Gegner der Veranstaltung zu einer bei der Polizei angemeldeten Protestaktion, zogen sich aber nach kurzer Zeit mit ihrem Plakat zur\u00fcck, ohne die Veranstaltung zu st\u00f6ren.<br \/>\nUm 22.20 Uhr war es dann soweit: Nach ausf\u00fchrlicher Diskussion der Satzung trugen sich als Gr\u00fcndungsmitglieder 136 Personen und Organisationen in die Listen ein, unter ihnen die Evangelisch-Lutherische Gemeinde Eschenau, die Landeskirchliche Gemeinschaft Eschenau, der 1.FC Eschenau 1927 e.V., der Lions Club Eckental-Heroldsberg und die Novum Verlags GmbH und beschlossen die Gr\u00fcndung des Vereins. Die 1. B\u00fcrgermeisterin Eckentals Ilse D\u00f6lle \u00fcbernahm die Schirmherrschaft. Henning Hoffmann wurde zum 1. Vorsitzenden gew\u00e4hlt, Bernhard Nottbeck zum 2. Vorsitzenden, Sabine Mirsch zur Schatzmeisterin und Gisela Schr\u00f6der zur Schriftf\u00fchrerin. Die Kassenpr\u00fcfung wurde Nicole Schmidt und Udo Lennert \u00fcbertragen.<br \/>\nBernhard Nottbeck gab einen kurzen aber eindr\u00fccklichen \u00dcberblick \u00fcber die aktuelle Situation in den bereits belegten Unterk\u00fcnften, schilderte akute Probleme, mit denen sich die Ehrenamtlichen auseinandersetzen und skizzierte grob einige der zuk\u00fcnftigen Herausforderungen, die die Fl\u00fcchtlingsinitiative erwartet. Einige Mitglieder meldeten sich hierauf mit konkreten Hilfs- und Spendenangeboten zu Wort, viele trugen sich in die Helferlisten ein. Sie &#8211; und alle weiteren Interessierten &#8211; treffen sich am 26. Januar 2015 um 19.30 Uhr im Pfarrsaal der katholischen Kirche in Eckenhaid: Hier sollen sich die Arbeitskreise finden, die sich um die einzelnen Bereiche k\u00fcmmern, z.B. Sprachtraining, Alltagsbegleitung, Planung von Begegnungen\/Festen, Beschaffung von Fahrr\u00e4dern, Einrichtung der Unterk\u00fcnfte, usw. Auf der Homepage ver\u00f6ffentlicht FLEck e.V. inzwischen konkrete Sachspendenaufrufe, aktuell zur Erg\u00e4nzung der Ausstattung der Unterk\u00fcnfte in der Forther Hauptstra\u00dfe und in der Klingenstra\u00dfe (www.fleck-ev.de).<br \/>\nDieses enorme Interesse, die gro\u00dfe Hilfsbereitschaft, die vielf\u00e4ltige Beteiligung und der Wille, die Fl\u00fcchtlinge und neuen Mitb\u00fcrger hier vor Ort zu unterst\u00fctzen, jeder nach seinen M\u00f6glichkeiten und F\u00e4higkeiten, beweist eindrucksvoll, dass &#8222;Willkommenskultur&#8220; in Eckental nicht nur ein Wort ist, sondern tats\u00e4chlich gelebt wird: Es h\u00e4tte keinen besseren Beweis daf\u00fcr geben k\u00f6nnen.<\/p>\n<p>Ein weiterer Beitrag zur Gr\u00fcndungsversammlung finden Sie auf:<\/p>\n<p><a href=\"http:\/\/n-land.de\/lokales\/lok-detail\/datum\/2015\/01\/21\/eckental-ein-guter-platz-fuer-asylbewerber.html#.VMD_vCdQ8f8\">http:\/\/n-land.de\/lokales\/lok-detail\/datum\/2015\/01\/21\/eckental-ein-guter-platz-fuer-asylbewerber.html#.VMD_vCdQ8f8<\/a><\/p>\n","protected":false},"excerpt":{"rendered":"<p>Das Echo auf die Einladung der Initiatoren zur Gr\u00fcndungsversammlung der \u201cFl\u00fcchtlingsinitiative Eckental FLEck e.V. \u2013 ein guter Platz zum Leben\u201d war \u00fcberw\u00e4ltigend: 162 Interessierte fanden sich am 15. Januar 2015 im Gasthaus Rotes Ross in Eschenau ein. Vor dem Gasthaus versammelten sich f\u00fcnf Gegner der Veranstaltung zu einer bei der Polizei angemeldeten Protestaktion, zogen sich [&hellip;]<\/p>\n","protected":false},"author":1,"featured_media":0,"comment_status":"closed","ping_status":"closed","sticky":false,"template":"","format":"standard","meta":{"footnotes":""},"categories":[1],"tags":[],"class_list":["post-102","post","type-post","status-publish","format-standard","hentry","category-allgemein"],"_links":{"self":[{"href":"https:\/\/www.fleck-ev.de\/index.php?rest_route=\/wp\/v2\/posts\/102","targetHints":{"allow":["GET"]}}],"collection":[{"href":"https:\/\/www.fleck-ev.de\/index.php?rest_route=\/wp\/v2\/posts"}],"about":[{"href":"https:\/\/www.fleck-ev.de\/index.php?rest_route=\/wp\/v2\/types\/post"}],"author":[{"embeddable":true,"href":"https:\/\/www.fleck-ev.de\/index.php?rest_route=\/wp\/v2\/users\/1"}],"replies":[{"embeddable":true,"href":"https:\/\/www.fleck-ev.de\/index.php?rest_route=%2Fwp%2Fv2%2Fcomments&post=102"}],"version-history":[{"count":22,"href":"https:\/\/www.fleck-ev.de\/index.php?rest_route=\/wp\/v2\/posts\/102\/revisions"}],"predecessor-version":[{"id":2500,"href":"https:\/\/www.fleck-ev.de\/index.php?rest_route=\/wp\/v2\/posts\/102\/revisions\/2500"}],"wp:attachment":[{"href":"https:\/\/www.fleck-ev.de\/index.php?rest_route=%2Fwp%2Fv2%2Fmedia&parent=102"}],"wp:term":[{"taxonomy":"category","embeddable":true,"href":"https:\/\/www.fleck-ev.de\/index.php?rest_route=%2Fwp%2Fv2%2Fcategories&post=102"},{"taxonomy":"post_tag","embeddable":true,"href":"https:\/\/www.fleck-ev.de\/index.php?rest_route=%2Fwp%2Fv2%2Ftags&post=102"}],"curies":[{"name":"wp","href":"https:\/\/api.w.org\/{rel}","templated":true}]}}