{"id":766,"date":"2015-05-05T23:16:15","date_gmt":"2015-05-05T21:16:15","guid":{"rendered":"http:\/\/www.fleck-ev.de\/?p=766"},"modified":"2015-12-19T00:33:55","modified_gmt":"2015-12-18T22:33:55","slug":"gruendung-von-kollegialen-beratungsgruppen-in-der-fluechtlingsarbeit","status":"publish","type":"post","link":"http:\/\/www.fleck-ev.de\/?p=766","title":{"rendered":"Gr\u00fcndung von &#8222;Kollegialen Beratungsgruppen in der Fl\u00fcchtlingsarbeit&#8220;"},"content":{"rendered":"<p>Etwa 80 ehrenamtliche Mitarbeiter engagieren sich mittlerweile bei FLEck e.V. Das Engagement im Deutschunterricht, Alltagsbegleitung, Organisation von Material, Durchf\u00fchrung von Veranstaltungen, Unterst\u00fctzung der Schulkinder usw. kostet den Mitarbeitern zeitliche, k\u00f6rperliche und psychische Ressourcen.<\/p>\n<p>Um den Helfern mit ihren Bed\u00fcrfnissen, Fragen und Grenzerfahrungen gerecht zu werden und ihnen einen guten Rahmen f\u00fcr ihre Mitarbeit zu sichern, gr\u00fcnden wir zur Begleitung des ehrenamtlichen Engagements \u00fcberschaubare &#8222;Kollegiale Beratungsgruppen&#8220;. Mehr\u00a0 Infos dazu finden Sie unter der Rubrik &#8222;<a title=\"Bildung\" href=\"http:\/\/www.fleck-ev.de\/?page_id=52\">Bildung<\/a>&#8222;.<\/p>\n","protected":false},"excerpt":{"rendered":"<p>Etwa 80 ehrenamtliche Mitarbeiter engagieren sich mittlerweile bei FLEck e.V. Das Engagement im Deutschunterricht, Alltagsbegleitung, Organisation von Material, Durchf\u00fchrung von Veranstaltungen, Unterst\u00fctzung der Schulkinder usw. kostet den Mitarbeitern zeitliche, k\u00f6rperliche und psychische Ressourcen. Um den Helfern mit ihren Bed\u00fcrfnissen, Fragen und Grenzerfahrungen gerecht zu werden und ihnen einen guten Rahmen f\u00fcr ihre Mitarbeit zu sichern, [&hellip;]<\/p>\n","protected":false},"author":1,"featured_media":0,"comment_status":"closed","ping_status":"closed","sticky":false,"template":"","format":"standard","meta":{"footnotes":""},"categories":[1],"tags":[],"class_list":["post-766","post","type-post","status-publish","format-standard","hentry","category-allgemein"],"_links":{"self":[{"href":"http:\/\/www.fleck-ev.de\/index.php?rest_route=\/wp\/v2\/posts\/766","targetHints":{"allow":["GET"]}}],"collection":[{"href":"http:\/\/www.fleck-ev.de\/index.php?rest_route=\/wp\/v2\/posts"}],"about":[{"href":"http:\/\/www.fleck-ev.de\/index.php?rest_route=\/wp\/v2\/types\/post"}],"author":[{"embeddable":true,"href":"http:\/\/www.fleck-ev.de\/index.php?rest_route=\/wp\/v2\/users\/1"}],"replies":[{"embeddable":true,"href":"http:\/\/www.fleck-ev.de\/index.php?rest_route=%2Fwp%2Fv2%2Fcomments&post=766"}],"version-history":[{"count":4,"href":"http:\/\/www.fleck-ev.de\/index.php?rest_route=\/wp\/v2\/posts\/766\/revisions"}],"predecessor-version":[{"id":789,"href":"http:\/\/www.fleck-ev.de\/index.php?rest_route=\/wp\/v2\/posts\/766\/revisions\/789"}],"wp:attachment":[{"href":"http:\/\/www.fleck-ev.de\/index.php?rest_route=%2Fwp%2Fv2%2Fmedia&parent=766"}],"wp:term":[{"taxonomy":"category","embeddable":true,"href":"http:\/\/www.fleck-ev.de\/index.php?rest_route=%2Fwp%2Fv2%2Fcategories&post=766"},{"taxonomy":"post_tag","embeddable":true,"href":"http:\/\/www.fleck-ev.de\/index.php?rest_route=%2Fwp%2Fv2%2Ftags&post=766"}],"curies":[{"name":"wp","href":"https:\/\/api.w.org\/{rel}","templated":true}]}}