{"id":639,"date":"2015-03-16T15:41:51","date_gmt":"2015-03-16T13:41:51","guid":{"rendered":"http:\/\/www.fleck-ev.de\/?p=639"},"modified":"2015-12-19T00:34:29","modified_gmt":"2015-12-18T22:34:29","slug":"internationalen-tag-gegen-rassismus-21-maerz-2015-zur-aktion-wir-stehen-fuer-respekt","status":"publish","type":"post","link":"http:\/\/www.fleck-ev.de\/?p=639","title":{"rendered":"Eckental steht f\u00fcr RESPEKT &#8211; 120 Personen auf dem Rathausplatz in Eschenau"},"content":{"rendered":"<p>Am 21. M\u00e4rz, dem Internationalen Tag gegen Rassismus, setzten B\u00fcrger in vielen bayerischen St\u00e4dten ein Zeichen gegen Diskriminierung und Ausgrenzung, f\u00fcr Vielfalt und gegenseitigen <strong>RESPEKT. <\/strong>Auch Eckental beteiligte sich an der Aktion. Gemeinsam bildeten auf dem Rathausplatz in Eckental\/Eschenau 120 Personen das Wort <strong>RESPEKT<\/strong> . Dieses geformte Standbild wurde dann von oben fotografiert. Henning Hoffmann dankte den B\u00fcrgern f\u00fcr Ihre Beteiligung und warb f\u00fcr gegenseitigen Respekt &#8211; auch und vor allem gegen\u00fcber den B\u00fcrgern mit ausl\u00e4ndischer Herkunft. Denn dies ist der Anfang f\u00fcr ein gelingendes Miteinander der verschiedenen Kulturen. Zeigen wir heute Respekt, ernten wir in Zukunft eine Gesellschaft, die trotz Unterschiede zusammenhalten kann.<\/p>\n<p>Die Fotoaktion \u201eF\u00fcr<strong> RESPEKT<\/strong> stehen!\u201c wurde auf die Initiative der AGABY (Arbeitsgemeinschaft der Ausl\u00e4nder-, Migranten- und Integrationsbeir\u00e4te Bayerns) und mit Unterst\u00fctzung der Gesch\u00e4ftsstelle von: \u201eBayerisches B\u00fcndnis f\u00fcr Toleranz &#8211; Demokratie und Menschenw\u00fcrde sch\u00fctzen\u201c durchgef\u00fchrt. Alle Fotos der beteiligten Orte auf: <a href=\"http:\/\/www.agaby.de\">www.agaby.de<\/a>. In Eckental wurde die Aktion von FLEck e.V. und dem Jugendb\u00fcro Eckental initiiert. Herzlichen Dank an Birgit Frey f\u00fcr die Koordination und Andreas Unbehaun f\u00fcr das Foto!<\/p>\n<p><a href=\"http:\/\/www.fleck-ev.de\/wp-content\/uploads\/2015\/03\/Foto-Respekt.jpg\"><img loading=\"lazy\" decoding=\"async\" class=\"alignnone size-large wp-image-660\" src=\"http:\/\/www.fleck-ev.de\/wp-content\/uploads\/2015\/03\/Foto-Respekt-1024x357.jpg\" alt=\"Foto-Respekt\" width=\"955\" height=\"333\" srcset=\"http:\/\/www.fleck-ev.de\/wp-content\/uploads\/2015\/03\/Foto-Respekt-1024x357.jpg 1024w, http:\/\/www.fleck-ev.de\/wp-content\/uploads\/2015\/03\/Foto-Respekt-300x105.jpg 300w, http:\/\/www.fleck-ev.de\/wp-content\/uploads\/2015\/03\/Foto-Respekt.jpg 1771w\" sizes=\"auto, (max-width: 955px) 100vw, 955px\" \/><\/a><\/p>\n<p>&nbsp;<\/p>\n","protected":false},"excerpt":{"rendered":"<p>Am 21. M\u00e4rz, dem Internationalen Tag gegen Rassismus, setzten B\u00fcrger in vielen bayerischen St\u00e4dten ein Zeichen gegen Diskriminierung und Ausgrenzung, f\u00fcr Vielfalt und gegenseitigen RESPEKT. Auch Eckental beteiligte sich an der Aktion. Gemeinsam bildeten auf dem Rathausplatz in Eckental\/Eschenau 120 Personen das Wort RESPEKT . Dieses geformte Standbild wurde dann von oben fotografiert. Henning Hoffmann [&hellip;]<\/p>\n","protected":false},"author":1,"featured_media":0,"comment_status":"closed","ping_status":"closed","sticky":false,"template":"","format":"standard","meta":{"footnotes":""},"categories":[1],"tags":[],"class_list":["post-639","post","type-post","status-publish","format-standard","hentry","category-allgemein"],"_links":{"self":[{"href":"http:\/\/www.fleck-ev.de\/index.php?rest_route=\/wp\/v2\/posts\/639","targetHints":{"allow":["GET"]}}],"collection":[{"href":"http:\/\/www.fleck-ev.de\/index.php?rest_route=\/wp\/v2\/posts"}],"about":[{"href":"http:\/\/www.fleck-ev.de\/index.php?rest_route=\/wp\/v2\/types\/post"}],"author":[{"embeddable":true,"href":"http:\/\/www.fleck-ev.de\/index.php?rest_route=\/wp\/v2\/users\/1"}],"replies":[{"embeddable":true,"href":"http:\/\/www.fleck-ev.de\/index.php?rest_route=%2Fwp%2Fv2%2Fcomments&post=639"}],"version-history":[{"count":8,"href":"http:\/\/www.fleck-ev.de\/index.php?rest_route=\/wp\/v2\/posts\/639\/revisions"}],"predecessor-version":[{"id":677,"href":"http:\/\/www.fleck-ev.de\/index.php?rest_route=\/wp\/v2\/posts\/639\/revisions\/677"}],"wp:attachment":[{"href":"http:\/\/www.fleck-ev.de\/index.php?rest_route=%2Fwp%2Fv2%2Fmedia&parent=639"}],"wp:term":[{"taxonomy":"category","embeddable":true,"href":"http:\/\/www.fleck-ev.de\/index.php?rest_route=%2Fwp%2Fv2%2Fcategories&post=639"},{"taxonomy":"post_tag","embeddable":true,"href":"http:\/\/www.fleck-ev.de\/index.php?rest_route=%2Fwp%2Fv2%2Ftags&post=639"}],"curies":[{"name":"wp","href":"https:\/\/api.w.org\/{rel}","templated":true}]}}