{"id":4715,"date":"2024-01-01T16:54:10","date_gmt":"2024-01-01T15:54:10","guid":{"rendered":"http:\/\/www.fleck-ev.de\/?p=4715"},"modified":"2024-03-27T00:03:33","modified_gmt":"2024-03-26T23:03:33","slug":"gedanken-zum-neuen-jahr-2024","status":"publish","type":"post","link":"http:\/\/www.fleck-ev.de\/?p=4715","title":{"rendered":"Gedanken zum neuen Jahr 2024"},"content":{"rendered":"\n<p><\/p>\n\n\n\n<p class=\"has-text-align-center\">Mitgef\u00fchl<\/p>\n\n\n\n<p class=\"has-text-align-center\">Solidarit\u00e4t<\/p>\n\n\n\n<p class=\"has-text-align-center\">N\u00e4chstenliebe<\/p>\n\n\n\n<p class=\"has-text-align-center\">Frieden<\/p>\n\n\n\n<p class=\"has-text-align-center\">Integration<\/p>\n\n\n\n<p class=\"has-text-align-center\">Teilhabe<\/p>\n\n\n\n<p class=\"has-text-align-center\">Gerechtigkeit<\/p>\n\n\n\n<p class=\"has-text-align-center\">WORTE<\/p>\n\n\n\n<p class=\"has-text-align-center\">GEF\u00dcHLE<\/p>\n\n\n\n<p><\/p>\n\n\n\n<p class=\"has-text-align-center\">Worte haben keine H\u00e4nde<\/p>\n\n\n\n<p class=\"has-text-align-center\">Gef\u00fchle haben keine H\u00e4nde<\/p>\n\n\n\n<p><\/p>\n\n\n\n<p class=\"has-text-align-center\">FLEck spricht<\/p>\n\n\n\n<p class=\"has-text-align-center\">FLEck f\u00fchlt<\/p>\n\n\n\n<p class=\"has-text-align-center\">FLEck hat viele H\u00e4nde<\/p>\n\n\n\n<div style=\"height:100px\" aria-hidden=\"true\" class=\"wp-block-spacer\"><\/div>\n\n\n\n<p>Liebe Mitglieder, liebe Freund:innen und Unterst\u00fctzer:innen,<\/p>\n\n\n\n<p>ein tatkr\u00e4ftiges Jahr ist zu Ende und wir stehen vor einem neuen, unserem 10. Vereinsjahr.<\/p>\n\n\n\n<p>Gemeinsam werden wir die Tage f\u00fcllen, handeln wo wir gebraucht werden: ganz individuell und auch grundlegend.<\/p>\n\n\n\n<p>Menschlichkeit ist uns allen wichtig, nicht nur als Gef\u00fchl, als Wort, sondern greifbar.<\/p>\n\n\n\n<p>So w\u00fcnschen wir uns allen Kraft, Geduld, Gesundheit und eine gl\u00fcckliche Hand, vor allem aber auch viel Spa\u00df im Miteinander.<\/p>\n\n\n\n<p>Alles Gute<\/p>\n\n\n\n<p>Euer Vorstand von FLEck e.V.<\/p>\n","protected":false},"excerpt":{"rendered":"<p>Mitgef\u00fchl Solidarit\u00e4t N\u00e4chstenliebe Frieden Integration Teilhabe Gerechtigkeit WORTE GEF\u00dcHLE Worte haben keine H\u00e4nde Gef\u00fchle haben keine H\u00e4nde FLEck spricht FLEck f\u00fchlt FLEck hat viele H\u00e4nde Liebe Mitglieder, liebe Freund:innen und Unterst\u00fctzer:innen, ein tatkr\u00e4ftiges Jahr ist zu Ende und wir stehen vor einem neuen, unserem 10. Vereinsjahr. Gemeinsam werden wir die Tage f\u00fcllen, handeln wo wir [&hellip;]<\/p>\n","protected":false},"author":7,"featured_media":0,"comment_status":"closed","ping_status":"closed","sticky":false,"template":"","format":"standard","meta":{"footnotes":""},"categories":[1],"tags":[],"class_list":["post-4715","post","type-post","status-publish","format-standard","hentry","category-allgemein"],"_links":{"self":[{"href":"http:\/\/www.fleck-ev.de\/index.php?rest_route=\/wp\/v2\/posts\/4715","targetHints":{"allow":["GET"]}}],"collection":[{"href":"http:\/\/www.fleck-ev.de\/index.php?rest_route=\/wp\/v2\/posts"}],"about":[{"href":"http:\/\/www.fleck-ev.de\/index.php?rest_route=\/wp\/v2\/types\/post"}],"author":[{"embeddable":true,"href":"http:\/\/www.fleck-ev.de\/index.php?rest_route=\/wp\/v2\/users\/7"}],"replies":[{"embeddable":true,"href":"http:\/\/www.fleck-ev.de\/index.php?rest_route=%2Fwp%2Fv2%2Fcomments&post=4715"}],"version-history":[{"count":2,"href":"http:\/\/www.fleck-ev.de\/index.php?rest_route=\/wp\/v2\/posts\/4715\/revisions"}],"predecessor-version":[{"id":4718,"href":"http:\/\/www.fleck-ev.de\/index.php?rest_route=\/wp\/v2\/posts\/4715\/revisions\/4718"}],"wp:attachment":[{"href":"http:\/\/www.fleck-ev.de\/index.php?rest_route=%2Fwp%2Fv2%2Fmedia&parent=4715"}],"wp:term":[{"taxonomy":"category","embeddable":true,"href":"http:\/\/www.fleck-ev.de\/index.php?rest_route=%2Fwp%2Fv2%2Fcategories&post=4715"},{"taxonomy":"post_tag","embeddable":true,"href":"http:\/\/www.fleck-ev.de\/index.php?rest_route=%2Fwp%2Fv2%2Ftags&post=4715"}],"curies":[{"name":"wp","href":"https:\/\/api.w.org\/{rel}","templated":true}]}}