{"id":4193,"date":"2022-11-03T15:57:28","date_gmt":"2022-11-03T14:57:28","guid":{"rendered":"http:\/\/www.fleck-ev.de\/?p=4193"},"modified":"2022-11-03T15:57:29","modified_gmt":"2022-11-03T14:57:29","slug":"einladung-zur-jahreshauptversammlung-2","status":"publish","type":"post","link":"http:\/\/www.fleck-ev.de\/?p=4193","title":{"rendered":"Einladung zur Jahreshauptversammlung"},"content":{"rendered":"\n<p><strong>Wir laden alle Mitglieder und alle an der Arbeit unseres Vereins interessierte herzlich ein zur Jahreshauptversammlung unserer &#8222;Fl\u00fcchtlingsinitiative Eckental FLEck e.V. &#8211; ein guter Platz zum Leben&#8220;<\/strong><br><br>Sie findet statt am<br><strong>Donnerstag, 17. November 2022<\/strong><br>\u00a0von 18 bis 19.30 Uhr<br>im evangelischen Gemeindehaus in der Martin-Luther-Str. 8 in Forth<br>(die Zufahrt ist frei &#8211; Einfahrt neben Jugendclub, an der Feuerwehr vorbei, neben Kindergarten,<br>nur wenige Parkpl\u00e4tze im Hof)<br><br>Tagesordnung:<br>1. Bericht des Vorstands<br>2. Kassenbericht<br>3. Bericht der RevisorInnen<br>4. Entlastung des Schatzmeisters<br>5. Entlastung des Vorstands<br>6. Sonstiges \/ Antr\u00e4ge \/ Termine<br><br>Jedem Mitglied steht das Recht zu, Antr\u00e4ge einzubringen.<br>Diese Antr\u00e4ge sind sp\u00e4testens bis <strong>Mittwoch, 09. November 2022<\/strong><br>schriftlich bei der 1. Vorsitzenden Claudia Bl\u00f6chl per E-Mail an <a href=\"mailto:kontakt@fleck-ev.de\">kontakt@fleck-ev.de<\/a> einzureichen.<br><br>Wir freuen uns auf zahlreiches Erscheinen!<\/p>\n","protected":false},"excerpt":{"rendered":"<p>Wir laden alle Mitglieder und alle an der Arbeit unseres Vereins interessierte herzlich ein zur Jahreshauptversammlung unserer &#8222;Fl\u00fcchtlingsinitiative Eckental FLEck e.V. &#8211; ein guter Platz zum Leben&#8220; Sie findet statt amDonnerstag, 17. November 2022\u00a0von 18 bis 19.30 Uhrim evangelischen Gemeindehaus in der Martin-Luther-Str. 8 in Forth(die Zufahrt ist frei &#8211; Einfahrt neben Jugendclub, an der [&hellip;]<\/p>\n","protected":false},"author":4,"featured_media":0,"comment_status":"closed","ping_status":"closed","sticky":false,"template":"","format":"standard","meta":{"footnotes":""},"categories":[1],"tags":[],"class_list":["post-4193","post","type-post","status-publish","format-standard","hentry","category-allgemein"],"_links":{"self":[{"href":"http:\/\/www.fleck-ev.de\/index.php?rest_route=\/wp\/v2\/posts\/4193","targetHints":{"allow":["GET"]}}],"collection":[{"href":"http:\/\/www.fleck-ev.de\/index.php?rest_route=\/wp\/v2\/posts"}],"about":[{"href":"http:\/\/www.fleck-ev.de\/index.php?rest_route=\/wp\/v2\/types\/post"}],"author":[{"embeddable":true,"href":"http:\/\/www.fleck-ev.de\/index.php?rest_route=\/wp\/v2\/users\/4"}],"replies":[{"embeddable":true,"href":"http:\/\/www.fleck-ev.de\/index.php?rest_route=%2Fwp%2Fv2%2Fcomments&post=4193"}],"version-history":[{"count":1,"href":"http:\/\/www.fleck-ev.de\/index.php?rest_route=\/wp\/v2\/posts\/4193\/revisions"}],"predecessor-version":[{"id":4194,"href":"http:\/\/www.fleck-ev.de\/index.php?rest_route=\/wp\/v2\/posts\/4193\/revisions\/4194"}],"wp:attachment":[{"href":"http:\/\/www.fleck-ev.de\/index.php?rest_route=%2Fwp%2Fv2%2Fmedia&parent=4193"}],"wp:term":[{"taxonomy":"category","embeddable":true,"href":"http:\/\/www.fleck-ev.de\/index.php?rest_route=%2Fwp%2Fv2%2Fcategories&post=4193"},{"taxonomy":"post_tag","embeddable":true,"href":"http:\/\/www.fleck-ev.de\/index.php?rest_route=%2Fwp%2Fv2%2Ftags&post=4193"}],"curies":[{"name":"wp","href":"https:\/\/api.w.org\/{rel}","templated":true}]}}