{"id":3887,"date":"2022-03-08T13:23:11","date_gmt":"2022-03-08T12:23:11","guid":{"rendered":"http:\/\/www.fleck-ev.de\/?p=3887"},"modified":"2022-03-08T13:23:12","modified_gmt":"2022-03-08T12:23:12","slug":"fleck-update-fruehjahr-2022","status":"publish","type":"post","link":"http:\/\/www.fleck-ev.de\/?p=3887","title":{"rendered":"FLEck update Fr\u00fchjahr 2022"},"content":{"rendered":"\n<p>Kaum beginnt die Pandemie an Schrecken zu verlieren und ein Neustart von \u201eNormalit\u00e4t\u201c scheint m\u00f6glich, bricht die n\u00e4chste Katastrophe \u00fcber uns herein: der Krieg in der Ukraine war f\u00fcr uns bis vor kurzem nicht vorstellbar. Und auch wenn es profan klingt: das Leben vor Ort geht weiter und es wird Zeit f\u00fcr ein kurzes \u201eUpdate\u201c unserer Fl\u00fcchtlingsinitiative in Eckental.<br><strong><br>Gefl\u00fcchtete in Eckental<\/strong><br>Ende 2021 wurde die dezentrale Unterkunft in der Klingenstra\u00dfe in Eschenau geschlossen. Alle dort lebenden Gefl\u00fcchteten konnten gut untergebracht werden. Hier zeigte sich wieder einmal, dass die gute Zusammenarbeit mit Beh\u00f6rden, den Hausmeistern und Verwaltern daf\u00fcr genutzt werden konnte, gemeinsam L\u00f6sungen zu finden. <br><br>Weitere aktuelle Zahlen:<br>\u00a0\u00a0\u00a0 \u2022 rund 35 Gefl\u00fcchtete in den verbleibenden dezentralen Unterk\u00fcnften<br>\u00a0\u00a0\u00a0 \u2022 etwa 115 Gefl\u00fcchtete in den Regierungsunterk\u00fcnften in Forth und Eckenhaid<br>\u00a0\u00a0\u00a0 \u2022 dazu etwa 150 betreute Gefl\u00fcchtete in Privatunterk\u00fcnften<br>\u00a0\u00a0\u00a0 \u2022 Altersstruktur: vom Baby bis 80 Jahre, davon etwa 40 unter 12 Jahren<br>\u00a0\u00a0\u00a0 \u2022 40 Personen sind seit M\u00e4rz 2020 neu in Eckental \u00a0\u00a0\u00a0<br>\u00a0\u00a0\u00a0 \u2022 17 verschiedene Herkunftsl\u00e4nder: Armenien, Aserbaidschan, \u00c4thiopien, Belarus, Eritrea, Indien, Irak, Iran, Jordanien, Kasachstan, Libanon, Nigeria, Pakistan, Russland, Somalia, Syrien und Ukraine<br><br><strong>Ehrenamtliche Unterst\u00fctzung<\/strong><br>Seit unserer Gr\u00fcndung 2015 haben sich grunds\u00e4tzliche Ver\u00e4nderungen in der Fl\u00fcchtlingsarbeit ergeben: Die Unterst\u00fctzung wurde zunehmend individueller und differenzierter. Immer mehr Gefl\u00fcchtete ziehen in ihre eigenen Wohnungen, finden Arbeit und Ausbildungspl\u00e4tze. Zu unseren Highlights geh\u00f6ren vor allem die vielen Erfolge in Sachen Deutsch lernen, die vielen Schulabschl\u00fcsse und Ausbildungsvertr\u00e4ge. Sp\u00e4testens ab September brauchen wir in diesem Bereich wieder verst\u00e4rkt Ehrenamtliche, die beim Lernen unterst\u00fctzen, Nachhilfe geben oder die vielen fachspezifischen Vokabeln erkl\u00e4ren, z.B. im Pflegebereich. Schon jetzt sucht unsere Fahrradwerkstatt Nachwuchs beim Schrauben und Reparieren: auch Neulinge, die das erst noch lernen wollen, sind herzlich willkommen: <a href=\"mailto:kontakt@fleck-ev.de\">kontakt@fleck-ev.de<\/a>.<br><br><strong>Vereinsintern<\/strong><br>FLEck e.V. hat in diesen wechselhaften Zeiten einen klaren Vorteil: unsere Fl\u00fcchtlingsinitiative begreift sich selbst als \u201elernende Organisation\u201c. Dies wurde auch im vergangenen Jahr deutlich, als sich der Vorstand und der Leitungskreis in Klausurtagung und Vereinscoaching mit dem Verein selbst besch\u00e4ftigte und seine Ziele, Ausrichtung und Struktur unter die Lupe nahm. Es stellte sich heraus, dass vieles seit der Gr\u00fcndung 2015 nach wie vor eine gute Basis f\u00fcr unsere ehrenamtliche Arbeit darstellt. Sie bietet eine solide Grundlage f\u00fcr die sich st\u00e4ndig \u00e4ndernden Anforderungen. <br>In Sachen Kommunikation haben wir w\u00e4hrend und auch durch Corona neue Wege beschritten. Hier m\u00fcssen wir weiter dranbleiben, um alle abzuholen, im Gespr\u00e4ch zu bleiben, Transparenz zu schaffen und unser Netzwerk weiter stetig zu vergr\u00f6\u00dfern &#8211; das gilt sowohl vereinsintern als auch f\u00fcr die Arbeit mit den Gefl\u00fcchteten. Den &#8222;Neu-Start&#8220; nach der Pandemie m\u00fcssen wir als Chance nutzen, neue ehrenamtliche HelferInnen zu finden, damit sich die Arbeit wieder auf mehr Schultern verteilt. Wir freuen uns \u00fcber Anfragen von Interessierten \u00fcbers Ehrenamtstelefon 01573\/ 6264857.<br><br><strong>Jugendabteilung angedacht<\/strong><br>Wir freuen uns \u00fcber ein ganz besonderes Projekt: es gibt \u00dcberlegungen zur Gr\u00fcndung einer Jugendabteilung &#8211; entsprechende Neuigkeiten verk\u00fcnden wir nat\u00fcrlich zeitnah!<\/p>\n","protected":false},"excerpt":{"rendered":"<p>Kaum beginnt die Pandemie an Schrecken zu verlieren und ein Neustart von \u201eNormalit\u00e4t\u201c scheint m\u00f6glich, bricht die n\u00e4chste Katastrophe \u00fcber uns herein: der Krieg in der Ukraine war f\u00fcr uns bis vor kurzem nicht vorstellbar. Und auch wenn es profan klingt: das Leben vor Ort geht weiter und es wird Zeit f\u00fcr ein kurzes \u201eUpdate\u201c [&hellip;]<\/p>\n","protected":false},"author":4,"featured_media":0,"comment_status":"closed","ping_status":"closed","sticky":false,"template":"","format":"standard","meta":{"footnotes":""},"categories":[1],"tags":[],"class_list":["post-3887","post","type-post","status-publish","format-standard","hentry","category-allgemein"],"_links":{"self":[{"href":"http:\/\/www.fleck-ev.de\/index.php?rest_route=\/wp\/v2\/posts\/3887","targetHints":{"allow":["GET"]}}],"collection":[{"href":"http:\/\/www.fleck-ev.de\/index.php?rest_route=\/wp\/v2\/posts"}],"about":[{"href":"http:\/\/www.fleck-ev.de\/index.php?rest_route=\/wp\/v2\/types\/post"}],"author":[{"embeddable":true,"href":"http:\/\/www.fleck-ev.de\/index.php?rest_route=\/wp\/v2\/users\/4"}],"replies":[{"embeddable":true,"href":"http:\/\/www.fleck-ev.de\/index.php?rest_route=%2Fwp%2Fv2%2Fcomments&post=3887"}],"version-history":[{"count":1,"href":"http:\/\/www.fleck-ev.de\/index.php?rest_route=\/wp\/v2\/posts\/3887\/revisions"}],"predecessor-version":[{"id":3888,"href":"http:\/\/www.fleck-ev.de\/index.php?rest_route=\/wp\/v2\/posts\/3887\/revisions\/3888"}],"wp:attachment":[{"href":"http:\/\/www.fleck-ev.de\/index.php?rest_route=%2Fwp%2Fv2%2Fmedia&parent=3887"}],"wp:term":[{"taxonomy":"category","embeddable":true,"href":"http:\/\/www.fleck-ev.de\/index.php?rest_route=%2Fwp%2Fv2%2Fcategories&post=3887"},{"taxonomy":"post_tag","embeddable":true,"href":"http:\/\/www.fleck-ev.de\/index.php?rest_route=%2Fwp%2Fv2%2Ftags&post=3887"}],"curies":[{"name":"wp","href":"https:\/\/api.w.org\/{rel}","templated":true}]}}