{"id":3807,"date":"2021-12-17T14:41:13","date_gmt":"2021-12-17T13:41:13","guid":{"rendered":"http:\/\/www.fleck-ev.de\/?p=3807"},"modified":"2021-12-17T18:24:04","modified_gmt":"2021-12-17T17:24:04","slug":"vorstand-wieder-bestens-aufgestellt","status":"publish","type":"post","link":"http:\/\/www.fleck-ev.de\/?p=3807","title":{"rendered":"Vorstand wieder bestens aufgestellt"},"content":{"rendered":"\n<figure class=\"wp-block-image size-large is-resized\"><a href=\"http:\/\/www.fleck-ev.de\/wp-content\/uploads\/2021\/12\/neuer-Vorstand-scaled.jpg\"><img decoding=\"async\" src=\"http:\/\/www.fleck-ev.de\/wp-content\/uploads\/2021\/12\/neuer-Vorstand-edited-scaled.jpg\" alt=\"\" class=\"wp-image-3809\" width=\"830\" srcset=\"http:\/\/www.fleck-ev.de\/wp-content\/uploads\/2021\/12\/neuer-Vorstand-edited-scaled.jpg 2560w, http:\/\/www.fleck-ev.de\/wp-content\/uploads\/2021\/12\/neuer-Vorstand-edited-300x200.jpg 300w, http:\/\/www.fleck-ev.de\/wp-content\/uploads\/2021\/12\/neuer-Vorstand-edited-1024x683.jpg 1024w, http:\/\/www.fleck-ev.de\/wp-content\/uploads\/2021\/12\/neuer-Vorstand-edited-768x512.jpg 768w, http:\/\/www.fleck-ev.de\/wp-content\/uploads\/2021\/12\/neuer-Vorstand-edited-1536x1024.jpg 1536w, http:\/\/www.fleck-ev.de\/wp-content\/uploads\/2021\/12\/neuer-Vorstand-edited-2048x1365.jpg 2048w\" sizes=\"(max-width: 2560px) 100vw, 2560px\" \/><\/a><figcaption>v.l.: B\u00fcrgermeisterin Ilse D\u00f6lle, 2. Vorsitzende Renate Hofmann, Rechnungspr\u00fcfer Udo Lennert, 1. Vorsitzende Claudia Bl\u00f6chl, ehemalige Schatzmeisterin Nicole Schmidt, neuer Schatzmeister Horst Krause, Wahlleiter Tobias Wittmann (auch Koordination Internet). In Abwesenheit gew\u00e4hlt und daher leider nicht auf dem Bild, die neue Schriftf\u00fchrerin Dr. Monika Nottbeck und Rechnungspr\u00fcferin Godela Grauer.<\/figcaption><\/figure>\n\n\n\n<h2 class=\"wp-block-heading\"><strong>Erfolgreiche Mitgliederversammlung<\/strong><\/h2>\n\n\n\n<p>Wieder einmal haben wir es trotz Corona geschafft, unsere Jahreshauptversammlung durchzuf\u00fchren.<\/p>\n\n\n\n<p>Der Aufwand war immens, schlie\u00dflich mussten sich alle zus\u00e4tzlich zu 2G noch vor Ort testen, aber so konnten wir ordnungsgem\u00e4\u00df nach unserer Satzung die l\u00e4ngst f\u00e4lligen Neuwahlen der Vorstandschaft durchf\u00fchren und sind nun endlich \u2013 nach dem Tod unserer Friederike \u2013 wieder als Vorstand komplett.<\/p>\n\n\n\n<p>Auch unsere Schirmherrin Erste B\u00fcrgermeisterin Ilse D\u00f6lle zeigte mit ihrem Kommen ihre Wertsch\u00e4tzung f\u00fcr unsere Arbeit, die sie auch in einem kurzen Dank an alle aussprach.<\/p>\n\n\n\n<div class=\"wp-block-image\"><figure class=\"alignleft size-medium\"><a href=\"http:\/\/www.fleck-ev.de\/wp-content\/uploads\/2021\/12\/Abschied-Nicole_Renate-scaled.jpg\"><img loading=\"lazy\" decoding=\"async\" width=\"157\" height=\"300\" src=\"http:\/\/www.fleck-ev.de\/wp-content\/uploads\/2021\/12\/Abschied-Nicole_Renate-157x300.jpg\" alt=\"\" class=\"wp-image-3814\" srcset=\"http:\/\/www.fleck-ev.de\/wp-content\/uploads\/2021\/12\/Abschied-Nicole_Renate-157x300.jpg 157w, http:\/\/www.fleck-ev.de\/wp-content\/uploads\/2021\/12\/Abschied-Nicole_Renate-536x1024.jpg 536w, http:\/\/www.fleck-ev.de\/wp-content\/uploads\/2021\/12\/Abschied-Nicole_Renate-768x1467.jpg 768w, http:\/\/www.fleck-ev.de\/wp-content\/uploads\/2021\/12\/Abschied-Nicole_Renate-804x1536.jpg 804w, http:\/\/www.fleck-ev.de\/wp-content\/uploads\/2021\/12\/Abschied-Nicole_Renate-1072x2048.jpg 1072w, http:\/\/www.fleck-ev.de\/wp-content\/uploads\/2021\/12\/Abschied-Nicole_Renate-scaled.jpg 1340w\" sizes=\"auto, (max-width: 157px) 100vw, 157px\" \/><\/a><\/figure><\/div>\n\n\n\n<div class=\"wp-block-image\"><figure class=\"alignright size-medium is-resized\"><a href=\"http:\/\/www.fleck-ev.de\/wp-content\/uploads\/2021\/12\/Abschied-Nicole_zugeschnitten-scaled.jpg\"><img loading=\"lazy\" decoding=\"async\" src=\"http:\/\/www.fleck-ev.de\/wp-content\/uploads\/2021\/12\/Abschied-Nicole_zugeschnitten-300x226.jpg\" alt=\"\" class=\"wp-image-3812\" width=\"373\" height=\"281\" srcset=\"http:\/\/www.fleck-ev.de\/wp-content\/uploads\/2021\/12\/Abschied-Nicole_zugeschnitten-300x226.jpg 300w, http:\/\/www.fleck-ev.de\/wp-content\/uploads\/2021\/12\/Abschied-Nicole_zugeschnitten-1024x771.jpg 1024w, http:\/\/www.fleck-ev.de\/wp-content\/uploads\/2021\/12\/Abschied-Nicole_zugeschnitten-768x578.jpg 768w, http:\/\/www.fleck-ev.de\/wp-content\/uploads\/2021\/12\/Abschied-Nicole_zugeschnitten-1536x1157.jpg 1536w, http:\/\/www.fleck-ev.de\/wp-content\/uploads\/2021\/12\/Abschied-Nicole_zugeschnitten-2048x1542.jpg 2048w\" sizes=\"auto, (max-width: 373px) 100vw, 373px\" \/><\/a><\/figure><\/div>\n\n\n\n<p>Nicole Schmidt stand nach 4 Jahren als treue Schatzmeisterin nicht mehr zur Wahl \u2013 sie wird aber ihren Nachfolger noch einarbeiten und zusammen mit Sabine Mirsch, das Dream-Team im Hintergrund bilden. <\/p>\n\n\n\n<p><\/p>\n\n\n\n<p><\/p>\n\n\n\n<p><\/p>\n\n\n\n<p><\/p>\n\n\n\n<p><\/p>\n\n\n\n<p><\/p>\n\n\n\n<p><\/p>\n\n\n\n<p><\/p>\n\n\n\n<p><\/p>\n\n\n\n<p>Liebe Nicole: auch auf diesem Weg ein herzliches Dankesch\u00f6n f\u00fcr Deine Korrektheit, die \u00dcbersicht \u00fcber Geld und Zahlen und vor allem f\u00fcr Deine Geduld mit uns doch oft etwas chaotischen Ehrenamtlichen.<\/p>\n\n\n\n<p>Der R\u00fcckblick auf fast eineinhalb Jahre  machte deutlich, dass selbst Corona FLEck nicht ausbremsen kann \u2013 kr\u00e4ftig durchgesch\u00fcttelt, ja, aber wir haben auch hier den Anforderungen Stand gehalten. Vor allem lag der Fokus auf der digitalen Grundausstattung: das Wichtigste war die Versorgung mit Endger\u00e4ten. Hier konnten wir bei der Beschaffung helfen, in der Handhabung schulen und Zusch\u00fcsse gew\u00e4hren. Dies war bei den vielen Sch\u00fclerInnen und Auszubildenden unter den Gefl\u00fcchteten auch sehr n\u00f6tig. Nur so konnten Schulabschl\u00fcsse, Ausbildungspr\u00fcfungen und Homeschooling gelingen.<\/p>\n\n\n\n<p>Besonderer Dank gilt dabei Tobias Wittmann, der mit seinem Team in allen Gemeinschaftsunterk\u00fcnften das Internet f\u00fcr alle m\u00f6glich machte bzw. so aufr\u00fcstete, dass die BewohnerInnen auch gleichzeitig (mit vern\u00fcnftigen Zugriffszeiten!) online sein konnten\u2026\u2026<\/p>\n\n\n\n<p class=\"has-text-align-left\">Tobias \u00fcbernahm auch die Wahlleitung bei der JHV mit folgendem Ergebnis:<br><br>Erste Vorsitzende: <strong>Claudia Bl\u00f6chl<\/strong><\/p>\n\n\n\n<p class=\"has-text-align-left\">Zweite Vorsitzende: <strong>Renate Hofmann<\/strong><\/p>\n\n\n\n<p class=\"has-text-align-left\">Schatzmeister: <strong>Horst Krause<\/strong><\/p>\n\n\n\n<p class=\"has-text-align-left\">Schriftf\u00fchrerin:  <strong>Dr. Monika Nottbeck<\/strong><\/p>\n\n\n\n<p>Ein gro\u00dfes Dankesch\u00f6n auch an dieser Stelle an unsere beiden Rechnungspr\u00fcfenden, die erneut in ihrem Amt best\u00e4tigt wurden: <br><strong>Godela Grauer und Udo Lennert<\/strong>.<\/p>\n\n\n\n<p>Im Sommer machte sich der FLEck-Leitungskreis daran, den Verein &#8211; wie schon gewohnt &#8211; weiter zu entwickeln: wir nehmen teil am Vereinscoaching, das vom Landkreis angeleitet wird und wir konnten auch endlich unsere Klausurtagung im Herbst veranstalten. Hier ging es um Kommunikation und Resilienz. Gemeinsam finden wir Wege, wie wir weiterhin stark agieren k\u00f6nnen und sehen so zuversichtlich in eine handlungsf\u00e4hige Zukunft.<\/p>\n\n\n\n<p>Wir hoffen sehr, dass Corona endlich unser Handeln nicht mehr so sehr einschr\u00e4nkt wie es in den letzten fast 2 Jahren der Fall war\u2026..und wir freuen uns wieder auf gemeinsame Treffen &#8211; einfach miteinander Lachen und Feiern!<\/p>\n\n\n\n<p>Bis dahin bleibt gesund und engagiert<\/p>\n\n\n\n<p>Claudia Bl\u00f6chl f\u00fcr den Vorstand FLEck e.V.<\/p>\n\n\n\n<div class=\"wp-block-image is-style-rounded\"><figure class=\"aligncenter size-medium is-resized\"><a href=\"http:\/\/www.fleck-ev.de\/wp-content\/uploads\/2021\/12\/JHV-scaled.jpg\"><img loading=\"lazy\" decoding=\"async\" src=\"http:\/\/www.fleck-ev.de\/wp-content\/uploads\/2021\/12\/JHV-300x200.jpg\" alt=\"\" class=\"wp-image-3810\" width=\"350\" height=\"233\" srcset=\"http:\/\/www.fleck-ev.de\/wp-content\/uploads\/2021\/12\/JHV-300x200.jpg 300w, http:\/\/www.fleck-ev.de\/wp-content\/uploads\/2021\/12\/JHV-1024x683.jpg 1024w, http:\/\/www.fleck-ev.de\/wp-content\/uploads\/2021\/12\/JHV-768x512.jpg 768w, http:\/\/www.fleck-ev.de\/wp-content\/uploads\/2021\/12\/JHV-1536x1024.jpg 1536w, http:\/\/www.fleck-ev.de\/wp-content\/uploads\/2021\/12\/JHV-2048x1365.jpg 2048w\" sizes=\"auto, (max-width: 350px) 100vw, 350px\" \/><\/a><\/figure><\/div>\n","protected":false},"excerpt":{"rendered":"<p>Erfolgreiche Mitgliederversammlung Wieder einmal haben wir es trotz Corona geschafft, unsere Jahreshauptversammlung durchzuf\u00fchren. Der Aufwand war immens, schlie\u00dflich mussten sich alle zus\u00e4tzlich zu 2G noch vor Ort testen, aber so konnten wir ordnungsgem\u00e4\u00df nach unserer Satzung die l\u00e4ngst f\u00e4lligen Neuwahlen der Vorstandschaft durchf\u00fchren und sind nun endlich \u2013 nach dem Tod unserer Friederike \u2013 wieder [&hellip;]<\/p>\n","protected":false},"author":4,"featured_media":0,"comment_status":"closed","ping_status":"closed","sticky":false,"template":"","format":"standard","meta":{"footnotes":""},"categories":[1],"tags":[],"class_list":["post-3807","post","type-post","status-publish","format-standard","hentry","category-allgemein"],"_links":{"self":[{"href":"http:\/\/www.fleck-ev.de\/index.php?rest_route=\/wp\/v2\/posts\/3807","targetHints":{"allow":["GET"]}}],"collection":[{"href":"http:\/\/www.fleck-ev.de\/index.php?rest_route=\/wp\/v2\/posts"}],"about":[{"href":"http:\/\/www.fleck-ev.de\/index.php?rest_route=\/wp\/v2\/types\/post"}],"author":[{"embeddable":true,"href":"http:\/\/www.fleck-ev.de\/index.php?rest_route=\/wp\/v2\/users\/4"}],"replies":[{"embeddable":true,"href":"http:\/\/www.fleck-ev.de\/index.php?rest_route=%2Fwp%2Fv2%2Fcomments&post=3807"}],"version-history":[{"count":13,"href":"http:\/\/www.fleck-ev.de\/index.php?rest_route=\/wp\/v2\/posts\/3807\/revisions"}],"predecessor-version":[{"id":3829,"href":"http:\/\/www.fleck-ev.de\/index.php?rest_route=\/wp\/v2\/posts\/3807\/revisions\/3829"}],"wp:attachment":[{"href":"http:\/\/www.fleck-ev.de\/index.php?rest_route=%2Fwp%2Fv2%2Fmedia&parent=3807"}],"wp:term":[{"taxonomy":"category","embeddable":true,"href":"http:\/\/www.fleck-ev.de\/index.php?rest_route=%2Fwp%2Fv2%2Fcategories&post=3807"},{"taxonomy":"post_tag","embeddable":true,"href":"http:\/\/www.fleck-ev.de\/index.php?rest_route=%2Fwp%2Fv2%2Ftags&post=3807"}],"curies":[{"name":"wp","href":"https:\/\/api.w.org\/{rel}","templated":true}]}}