{"id":3760,"date":"2021-08-30T10:18:29","date_gmt":"2021-08-30T08:18:29","guid":{"rendered":"http:\/\/www.fleck-ev.de\/?p=3760"},"modified":"2021-08-30T23:44:06","modified_gmt":"2021-08-30T21:44:06","slug":"bibelkreis-in-vielen-sprachen","status":"publish","type":"post","link":"http:\/\/www.fleck-ev.de\/?p=3760","title":{"rendered":"Bibelkreis f\u00fcr Christen mit Fluchterfahrung"},"content":{"rendered":"\n<p><strong>Die Bibel verstehen: f\u00fcr Christ*innen aus aller Welt<\/strong><br><br>Was hei\u00dft Testament, was Amen? Was genau bedeutet die Taufe? Christ sein ohne Gemeinde, geht das \u00fcberhaupt? Solche Fragen waren es, die Mohsen dazu brachten, einen Bibelkreis f\u00fcr iranische Christen zu gr\u00fcnden. Seit Juli trifft sich der Bibelkreis w\u00f6chentlich immer <\/p>\n\n\n\n<p><strong>donnerstags um 10:00 Uhr im Weltladen Eschenau<\/strong>.<\/p>\n\n\n\n<p>Deutsch ist f\u00fcr Menschen aus anderen L\u00e4ndern schwer genug. Das Deutsch der Bibel ist jedoch sogar f\u00fcr geb\u00fcrtige Deutsche manchmal schwer zu verstehen. Vieles bleibt unklar, obwohl es vielleicht sogar im Taufunterricht besprochen wurde. Auch bei Christinnen und Christen aus anderen L\u00e4ndern hat sich das Treffen schon herumgesprochen und Mohsen bekommt Fragen zu Begriffen aus der Bibel und zum christlichen Glauben gestellt. Der urspr\u00fcnglich f\u00fcr iranische Christen gedachte Bibelkreis ist deshalb inzwischen f\u00fcr alle Christen mit anderen Muttersprachen als Deutsch offen.<\/p>\n\n\n\n<p>Leider ist der Teilnehmerkreis wegen Corona im Augenblick auf 6 Personen beschr\u00e4nkt.<\/p>\n\n\n\n<p>Interessiert? Alle sind herzlich willkommen! Kontakt \u00fcber kontakt@fleck-ev.de<\/p>\n\n\n\n<figure class=\"wp-block-image size-large\"><a href=\"http:\/\/www.fleck-ev.de\/wp-content\/uploads\/2021\/08\/Mohs._-Plak.2-scaled.jpg\"><img loading=\"lazy\" decoding=\"async\" width=\"833\" height=\"1024\" src=\"http:\/\/www.fleck-ev.de\/wp-content\/uploads\/2021\/08\/Mohs._-Plak.2-833x1024.jpg\" alt=\"\" class=\"wp-image-3765\" srcset=\"http:\/\/www.fleck-ev.de\/wp-content\/uploads\/2021\/08\/Mohs._-Plak.2-833x1024.jpg 833w, http:\/\/www.fleck-ev.de\/wp-content\/uploads\/2021\/08\/Mohs._-Plak.2-244x300.jpg 244w, http:\/\/www.fleck-ev.de\/wp-content\/uploads\/2021\/08\/Mohs._-Plak.2-768x944.jpg 768w, http:\/\/www.fleck-ev.de\/wp-content\/uploads\/2021\/08\/Mohs._-Plak.2-1250x1536.jpg 1250w, http:\/\/www.fleck-ev.de\/wp-content\/uploads\/2021\/08\/Mohs._-Plak.2-1667x2048.jpg 1667w\" sizes=\"auto, (max-width: 833px) 100vw, 833px\" \/><\/a><\/figure>\n","protected":false},"excerpt":{"rendered":"<p>Die Bibel verstehen: f\u00fcr Christ*innen aus aller Welt Was hei\u00dft Testament, was Amen? Was genau bedeutet die Taufe? Christ sein ohne Gemeinde, geht das \u00fcberhaupt? Solche Fragen waren es, die Mohsen dazu brachten, einen Bibelkreis f\u00fcr iranische Christen zu gr\u00fcnden. Seit Juli trifft sich der Bibelkreis w\u00f6chentlich immer donnerstags um 10:00 Uhr im Weltladen Eschenau. [&hellip;]<\/p>\n","protected":false},"author":4,"featured_media":0,"comment_status":"closed","ping_status":"closed","sticky":false,"template":"","format":"standard","meta":{"footnotes":""},"categories":[1],"tags":[],"class_list":["post-3760","post","type-post","status-publish","format-standard","hentry","category-allgemein"],"_links":{"self":[{"href":"http:\/\/www.fleck-ev.de\/index.php?rest_route=\/wp\/v2\/posts\/3760","targetHints":{"allow":["GET"]}}],"collection":[{"href":"http:\/\/www.fleck-ev.de\/index.php?rest_route=\/wp\/v2\/posts"}],"about":[{"href":"http:\/\/www.fleck-ev.de\/index.php?rest_route=\/wp\/v2\/types\/post"}],"author":[{"embeddable":true,"href":"http:\/\/www.fleck-ev.de\/index.php?rest_route=\/wp\/v2\/users\/4"}],"replies":[{"embeddable":true,"href":"http:\/\/www.fleck-ev.de\/index.php?rest_route=%2Fwp%2Fv2%2Fcomments&post=3760"}],"version-history":[{"count":4,"href":"http:\/\/www.fleck-ev.de\/index.php?rest_route=\/wp\/v2\/posts\/3760\/revisions"}],"predecessor-version":[{"id":3767,"href":"http:\/\/www.fleck-ev.de\/index.php?rest_route=\/wp\/v2\/posts\/3760\/revisions\/3767"}],"wp:attachment":[{"href":"http:\/\/www.fleck-ev.de\/index.php?rest_route=%2Fwp%2Fv2%2Fmedia&parent=3760"}],"wp:term":[{"taxonomy":"category","embeddable":true,"href":"http:\/\/www.fleck-ev.de\/index.php?rest_route=%2Fwp%2Fv2%2Fcategories&post=3760"},{"taxonomy":"post_tag","embeddable":true,"href":"http:\/\/www.fleck-ev.de\/index.php?rest_route=%2Fwp%2Fv2%2Ftags&post=3760"}],"curies":[{"name":"wp","href":"https:\/\/api.w.org\/{rel}","templated":true}]}}