{"id":3694,"date":"2021-04-27T15:11:33","date_gmt":"2021-04-27T13:11:33","guid":{"rendered":"http:\/\/www.fleck-ev.de\/?p=3694"},"modified":"2021-04-27T15:11:33","modified_gmt":"2021-04-27T13:11:33","slug":"theresas-erfahrungen-mit-den-corona-huerden","status":"publish","type":"post","link":"http:\/\/www.fleck-ev.de\/?p=3694","title":{"rendered":"Theresas Erfahrungen mit den &#8222;Corona H\u00fcrden&#8220;"},"content":{"rendered":"\n<p><em>Ich gebe seit September zwei M\u00e4dchen aus dem Libanon Deutsch-Nachhilfe, je eineinhalb bis zwei Stunden. Am Anfang bin ich immer zu ihnen nach Hause gekommen, sp\u00e4ter sind wir auf FLEck R\u00e4ume umgestiegen, das hat eine Lernatmosph\u00e4re geschaffen und unseren immer wieder auftauchenden logistischen Schwierigkeiten entgegengewirkt.<br>Yara (Name ge\u00e4ndert) wohnt als 17 j\u00e4hrige bei ihrer Gro\u00dffamilie, die aus vielen verschiedenen Altersgruppen besteht. Von Kleinkind \u00fcber Teenager und Erwachsenen bis zu Personen mittleren Alter ist gef\u00fchlt alles abgedeckt und in ihrer Wohnung einen ruhigen Platz zu finden, hat sich schon als schwierig erwiesen.<br>[&#8230;]<br>Meine beiden Nachhilfesch\u00fclerinnen und ich sind derweil auf das Internet umgestiegen und werden mit ganz neuen Problemen konfrontiert: Fr\u00fcher konnten wir uns bei Unverst\u00e4ndnis mit Hand und Fu\u00df irgendwie verst\u00e4ndigen, oder mit einer Zeichnung \u00e0 la Montagsmaler. Aber jetzt sind wir froh, wenn das Internet ausreicht, um einen fl\u00fcssigen Sprachanruf zu halten. Wir sehen also an guten Tagen die Reaktion des anderen und k\u00f6nnen dann darauf eingehen, ansonsten d\u00fcmpeln wir so vor uns hin.<br>[&#8230;]<br>Aber Not macht erfinderisch: Meine letzten Nachhilfestunden bestanden einmal aus 5 verschiedenen Anrufen mit Fatima (Name ge\u00e4ndert) , da die Verbindung zwischenzeitlich ausgesetzt hatte oder sie zu ihren Kindern musste. Und mit Yara ging es durch die Kombination von gleich zwei Medien, denn bei dem PC von Yara funktioniert das Mikro nicht, also rufen wir uns zus\u00e4tzlich \u00fcber das Handy an und das stresst das Internet noch mehr. Mit Fatima bin ich\u00a0 noch nicht so weit: sie muss noch rausfinden wie ihr Internet am Laptop funktioniert. Oder so. Bin mir nicht ganz sicher, hab nach 5 mal fragen aufgegeben. Aber man kann zumindest nicht sagen, dass es langweilig w\u00fcrde: Es ist immer was Neues und wir lernen voneinander, ob das etwas \u00fcber die unterschiedlichen Kulturen ist, eine gute Herangehensweise an Verst\u00e4ndigungsprobleme oder der Umgang mit der M\u00fcdigkeit, die sich nach eineinhalb Stunden angestrengtem Lernen \u2013 und Lehren! \u2013 einschleicht. Am Ende des Tages habe ich das Gef\u00fchl, selbst etwas Neues gelernt zu haben und ich hoffe, dass es den beiden \u00e4hnlich geht.<\/em><br><br>Den ausf\u00fchrlichen Erfahrungsbericht findet man in der Rubrik &#8222;Youngsters reFLEcktieren&#8220;<\/p>\n","protected":false},"excerpt":{"rendered":"<p>Ich gebe seit September zwei M\u00e4dchen aus dem Libanon Deutsch-Nachhilfe, je eineinhalb bis zwei Stunden. Am Anfang bin ich immer zu ihnen nach Hause gekommen, sp\u00e4ter sind wir auf FLEck R\u00e4ume umgestiegen, das hat eine Lernatmosph\u00e4re geschaffen und unseren immer wieder auftauchenden logistischen Schwierigkeiten entgegengewirkt.Yara (Name ge\u00e4ndert) wohnt als 17 j\u00e4hrige bei ihrer Gro\u00dffamilie, die [&hellip;]<\/p>\n","protected":false},"author":4,"featured_media":0,"comment_status":"closed","ping_status":"closed","sticky":false,"template":"","format":"standard","meta":{"footnotes":""},"categories":[1],"tags":[],"class_list":["post-3694","post","type-post","status-publish","format-standard","hentry","category-allgemein"],"_links":{"self":[{"href":"http:\/\/www.fleck-ev.de\/index.php?rest_route=\/wp\/v2\/posts\/3694","targetHints":{"allow":["GET"]}}],"collection":[{"href":"http:\/\/www.fleck-ev.de\/index.php?rest_route=\/wp\/v2\/posts"}],"about":[{"href":"http:\/\/www.fleck-ev.de\/index.php?rest_route=\/wp\/v2\/types\/post"}],"author":[{"embeddable":true,"href":"http:\/\/www.fleck-ev.de\/index.php?rest_route=\/wp\/v2\/users\/4"}],"replies":[{"embeddable":true,"href":"http:\/\/www.fleck-ev.de\/index.php?rest_route=%2Fwp%2Fv2%2Fcomments&post=3694"}],"version-history":[{"count":1,"href":"http:\/\/www.fleck-ev.de\/index.php?rest_route=\/wp\/v2\/posts\/3694\/revisions"}],"predecessor-version":[{"id":3695,"href":"http:\/\/www.fleck-ev.de\/index.php?rest_route=\/wp\/v2\/posts\/3694\/revisions\/3695"}],"wp:attachment":[{"href":"http:\/\/www.fleck-ev.de\/index.php?rest_route=%2Fwp%2Fv2%2Fmedia&parent=3694"}],"wp:term":[{"taxonomy":"category","embeddable":true,"href":"http:\/\/www.fleck-ev.de\/index.php?rest_route=%2Fwp%2Fv2%2Fcategories&post=3694"},{"taxonomy":"post_tag","embeddable":true,"href":"http:\/\/www.fleck-ev.de\/index.php?rest_route=%2Fwp%2Fv2%2Ftags&post=3694"}],"curies":[{"name":"wp","href":"https:\/\/api.w.org\/{rel}","templated":true}]}}