{"id":3121,"date":"2020-03-17T11:34:38","date_gmt":"2020-03-17T10:34:38","guid":{"rendered":"http:\/\/www.fleck-ev.de\/?p=3121"},"modified":"2020-03-18T23:56:34","modified_gmt":"2020-03-18T22:56:34","slug":"vereinsraeume-geschlossen-veranstaltungen-abgesagt","status":"publish","type":"post","link":"http:\/\/www.fleck-ev.de\/?p=3121","title":{"rendered":"Vereinsr\u00e4ume geschlossen &#8211; Veranstaltungen abgesagt"},"content":{"rendered":"<p>Wir alle m\u00fcssen unseren Teil zum Schutz der Schw\u00e4cheren in unserer Gesellschaft beitragen. Hoffen wir, dass die Vorsichtsma\u00dfnahmen greifen und wir bald wieder zum Alltag zur\u00fcckkehren k\u00f6nnen.<\/p>\n<p>Wir m\u00fcssen unsere Vereinsr\u00e4ume auf Anordnung der bayerischen Staatsregierung bis auf weiteres geschlossen halten. Das gilt f\u00fcr auch f\u00fcr FLEck-Net und unsere Fahrradwerkstatt. Unsere Veranstaltungen sagen wir ebenfalls bis auf weiteres ab, das gilt auch f\u00fcr &#8222;Eckental verein(t)&#8220; am 4.4.20.<\/p>\n<p><span style=\"color: #ff0000;\">Die meisten Beratungsstellen sind ebenfalls geschlossen und in der Regel nur noch telefonisch erreichbar. FLEck e.V. sucht nach Wegen, wie wir gut helfen k\u00f6nnen &#8211; da werden wir sicher noch kreativ &#8222;unterwegs&#8220; sein: damit das Leben bunt und doch achtsam weiter geht.<\/span><\/p>\n<h3><span style=\"color: #ff0000;\">Und nat\u00fcrlich: wir Ehrenamtlichen von FLEck passen selber gut auf uns auf und auf unsere Kr\u00e4fte.<\/span><\/h3>\n<h3><span style=\"color: #ff0000;\">In diesem Sinne: bleibt\/bleiben Sie achtsam und gesund!<\/span><\/h3>\n<h3>FLEck e.V.<\/h3>\n","protected":false},"excerpt":{"rendered":"<p>Wir alle m\u00fcssen unseren Teil zum Schutz der Schw\u00e4cheren in unserer Gesellschaft beitragen. Hoffen wir, dass die Vorsichtsma\u00dfnahmen greifen und wir bald wieder zum Alltag zur\u00fcckkehren k\u00f6nnen. Wir m\u00fcssen unsere Vereinsr\u00e4ume auf Anordnung der bayerischen Staatsregierung bis auf weiteres geschlossen halten. Das gilt f\u00fcr auch f\u00fcr FLEck-Net und unsere Fahrradwerkstatt. Unsere Veranstaltungen sagen wir ebenfalls [&hellip;]<\/p>\n","protected":false},"author":4,"featured_media":0,"comment_status":"closed","ping_status":"closed","sticky":false,"template":"","format":"standard","meta":{"footnotes":""},"categories":[1],"tags":[],"class_list":["post-3121","post","type-post","status-publish","format-standard","hentry","category-allgemein"],"_links":{"self":[{"href":"http:\/\/www.fleck-ev.de\/index.php?rest_route=\/wp\/v2\/posts\/3121","targetHints":{"allow":["GET"]}}],"collection":[{"href":"http:\/\/www.fleck-ev.de\/index.php?rest_route=\/wp\/v2\/posts"}],"about":[{"href":"http:\/\/www.fleck-ev.de\/index.php?rest_route=\/wp\/v2\/types\/post"}],"author":[{"embeddable":true,"href":"http:\/\/www.fleck-ev.de\/index.php?rest_route=\/wp\/v2\/users\/4"}],"replies":[{"embeddable":true,"href":"http:\/\/www.fleck-ev.de\/index.php?rest_route=%2Fwp%2Fv2%2Fcomments&post=3121"}],"version-history":[{"count":6,"href":"http:\/\/www.fleck-ev.de\/index.php?rest_route=\/wp\/v2\/posts\/3121\/revisions"}],"predecessor-version":[{"id":3130,"href":"http:\/\/www.fleck-ev.de\/index.php?rest_route=\/wp\/v2\/posts\/3121\/revisions\/3130"}],"wp:attachment":[{"href":"http:\/\/www.fleck-ev.de\/index.php?rest_route=%2Fwp%2Fv2%2Fmedia&parent=3121"}],"wp:term":[{"taxonomy":"category","embeddable":true,"href":"http:\/\/www.fleck-ev.de\/index.php?rest_route=%2Fwp%2Fv2%2Fcategories&post=3121"},{"taxonomy":"post_tag","embeddable":true,"href":"http:\/\/www.fleck-ev.de\/index.php?rest_route=%2Fwp%2Fv2%2Ftags&post=3121"}],"curies":[{"name":"wp","href":"https:\/\/api.w.org\/{rel}","templated":true}]}}