{"id":3091,"date":"2020-02-21T13:35:33","date_gmt":"2020-02-21T12:35:33","guid":{"rendered":"http:\/\/www.fleck-ev.de\/?p=3091"},"modified":"2020-02-21T13:36:19","modified_gmt":"2020-02-21T12:36:19","slug":"3091","status":"publish","type":"post","link":"http:\/\/www.fleck-ev.de\/?p=3091","title":{"rendered":""},"content":{"rendered":"<h2 style=\"text-align: center;\"><strong>Wir trauern mit den Angeh\u00f6rigen <\/strong><br \/>\n<strong>der Opfer von Hanau.<\/strong><\/h2>\n<h2 style=\"text-align: center;\"><strong>Entschieden werden wir weiter aufrecht antreten gegen Rassismus und Hass und uns f\u00fcr ein gutes Miteinander der Kulturen, Religionen und V\u00f6lker im Sinne der Menschlichkeit einsetzen.<\/strong><\/h2>\n","protected":false},"excerpt":{"rendered":"<p>Wir trauern mit den Angeh\u00f6rigen der Opfer von Hanau. Entschieden werden wir weiter aufrecht antreten gegen Rassismus und Hass und uns f\u00fcr ein gutes Miteinander der Kulturen, Religionen und V\u00f6lker im Sinne der Menschlichkeit einsetzen.<\/p>\n","protected":false},"author":4,"featured_media":0,"comment_status":"closed","ping_status":"closed","sticky":false,"template":"","format":"standard","meta":{"footnotes":""},"categories":[1],"tags":[],"class_list":["post-3091","post","type-post","status-publish","format-standard","hentry","category-allgemein"],"_links":{"self":[{"href":"http:\/\/www.fleck-ev.de\/index.php?rest_route=\/wp\/v2\/posts\/3091","targetHints":{"allow":["GET"]}}],"collection":[{"href":"http:\/\/www.fleck-ev.de\/index.php?rest_route=\/wp\/v2\/posts"}],"about":[{"href":"http:\/\/www.fleck-ev.de\/index.php?rest_route=\/wp\/v2\/types\/post"}],"author":[{"embeddable":true,"href":"http:\/\/www.fleck-ev.de\/index.php?rest_route=\/wp\/v2\/users\/4"}],"replies":[{"embeddable":true,"href":"http:\/\/www.fleck-ev.de\/index.php?rest_route=%2Fwp%2Fv2%2Fcomments&post=3091"}],"version-history":[{"count":2,"href":"http:\/\/www.fleck-ev.de\/index.php?rest_route=\/wp\/v2\/posts\/3091\/revisions"}],"predecessor-version":[{"id":3094,"href":"http:\/\/www.fleck-ev.de\/index.php?rest_route=\/wp\/v2\/posts\/3091\/revisions\/3094"}],"wp:attachment":[{"href":"http:\/\/www.fleck-ev.de\/index.php?rest_route=%2Fwp%2Fv2%2Fmedia&parent=3091"}],"wp:term":[{"taxonomy":"category","embeddable":true,"href":"http:\/\/www.fleck-ev.de\/index.php?rest_route=%2Fwp%2Fv2%2Fcategories&post=3091"},{"taxonomy":"post_tag","embeddable":true,"href":"http:\/\/www.fleck-ev.de\/index.php?rest_route=%2Fwp%2Fv2%2Ftags&post=3091"}],"curies":[{"name":"wp","href":"https:\/\/api.w.org\/{rel}","templated":true}]}}