{"id":3019,"date":"2020-01-12T22:29:30","date_gmt":"2020-01-12T21:29:30","guid":{"rendered":"http:\/\/www.fleck-ev.de\/?p=3019"},"modified":"2020-01-21T15:55:58","modified_gmt":"2020-01-21T14:55:58","slug":"minister-herrmann-zu-besuch-fleck-e-v","status":"publish","type":"post","link":"http:\/\/www.fleck-ev.de\/?p=3019","title":{"rendered":"Minister Herrmann zu Besuch FLEck e.V."},"content":{"rendered":"<p><a href=\"http:\/\/www.fleck-ev.de\/wp-content\/uploads\/2020\/01\/Besuch-Herrmann-FLEck_IMG_8331.jpg\"><img loading=\"lazy\" decoding=\"async\" class=\"alignnone wp-image-3020 size-large\" src=\"http:\/\/www.fleck-ev.de\/wp-content\/uploads\/2020\/01\/Besuch-Herrmann-FLEck_IMG_8331-1024x741.jpg\" alt=\"\" width=\"610\" height=\"441\" srcset=\"http:\/\/www.fleck-ev.de\/wp-content\/uploads\/2020\/01\/Besuch-Herrmann-FLEck_IMG_8331-1024x741.jpg 1024w, http:\/\/www.fleck-ev.de\/wp-content\/uploads\/2020\/01\/Besuch-Herrmann-FLEck_IMG_8331-300x217.jpg 300w, http:\/\/www.fleck-ev.de\/wp-content\/uploads\/2020\/01\/Besuch-Herrmann-FLEck_IMG_8331-768x556.jpg 768w\" sizes=\"auto, (max-width: 610px) 100vw, 610px\" \/><\/a><\/p>\n<p><span style=\"font-family: Verdana;\"><b>Innenminister Joachim Herrmann<\/b> <b>war bei uns zu Gast und hatte ein offenes Ohr f\u00fcr FLEck e.V.<\/b><br \/>\nBereits zum zweiten Mal besuchte uns der Minister in unserem Raum im Interimsgeb\u00e4ude und gratulierte zugleich herzlich zu unserem 5-j\u00e4hrigen Bestehen.<br \/>\nWir sind schon a weng stolz darauf, dass sich der bayerische Staatsminister des Inneren, f\u00fcr Sport und Integration bei uns sozusagen &#8222;an der Basis&#8220; \u00fcber die aktuelle Situation in der Fl\u00fcchtlingsarbeit vor Ort informiert. Die informelle Gespr\u00e4chsrunde bestand neben Staatsminister Herrmann und seiner Abteilungsleiterin Dr. Heike Jung aus sieben Vertretern unseres Leitungskreises und &#8222;unserer&#8220; Sandra K\u00f6tter (von der Caritas), die ja eng mit FLEck zusammen arbeitet. In angenehmer und sachlicher Atmosph\u00e4re wurden viele Themen angesprochen, die uns Ehrenamtliche bei FLEck e.V. besch\u00e4ftigen.<br \/>\nSo konnten wir beispielsweise berichten, dass die Einsetzung der Integrationslotsin, die wir bei unserem letzten Treffen im Sommer 2018 erbeten hatten, f\u00fcr uns Ehrenamtliche eine gro\u00dfe und sehr konkrete Unterst\u00fctzung f\u00fcr alle Helferkreise im Landkreis darstellt. Auch die seitdem eingef\u00fchrten Erleichterungen bei der Erteilung einer Arbeitserlaubnis von Gefl\u00fcchteten haben sich unserer Erfahrung nach durchweg positiv ausgewirkt: die Betroffenen gehen nun einer sinnvollen T\u00e4tigkeit nach und sind nicht mehr nur Leistungsempf\u00e4nger. Die Teilhabe am gesellschaftlichen Leben hilft vielen bei der Bew\u00e4ltigung ihrer Vergangenheit und erm\u00f6glicht einen Neuanfang, was f\u00fcr alle ein Plus an Lebensqualit\u00e4t bedeutet.<br \/>\nWir berichteten au\u00dferdem vom Ehrenamts-Alltag und konnten loswerden, dass h\u00e4ufig B\u00fcrokratie und die st\u00e4ndige Ver\u00e4nderung der gesetzlichen Regelungen und deren teilweise z\u00f6gerliche und schwierige Umsetzung, viel Kraft und Nerven kostet. In diesem Zusammenhang konnte Dr. Jung zum Hintergrund und zur Auslegung gesetzlicher Regelungen einiges erkl\u00e4ren und n\u00e4her beleuchten <\/span><span style=\"font-family: Verdana;\">und es kam zu einem konstruktiven Austausch.<\/span><span style=\"font-family: Verdana;\"> Auch wenn wir mit dem Vorgehen der Regierung nicht immer einverstanden sind und wir die Arbeitsweise und Entscheidungen unseres Staates nicht immer verstehen und gut hei\u00dfen, akzeptieren wir sie doch als Arbeitsgrundlage. <\/span><span style=\"font-family: Verdana;\"><br \/>\nEinig hingegen waren wir uns darin, dass das Thema &#8222;Integration&#8220; inzwischen nicht mehr nur im Zusammenhang mit den Gefl\u00fcchteten gesehen werden muss, sondern zunehmend die Arbeitsmigration aus dem EU-Ausland mit \u00e4hnlichen Problematiken auftritt &#8211; besonders in Sachen Spracherwerb der Familien. Wir machten klar, wie wichtig und notwendig deshalb vor allem kurzfristig umgesetzte Hilfen f\u00fcr die Grund- und Mittelschulen sind, die hier vor gro\u00dfe Herausforderungen gestellt werden. Der Staatsminister stimmte zu, dass aus den Integrations-Erfahrungen von FLEck-MitarbeiterInnen der letzten f\u00fcnf Jahre vieles eingebracht werden kann.<br \/>\nAbschlie\u00dfend erkundigten sich Minister Herrmann und Frau Dr. Jung explizit nach den Bed\u00fcrfnissen der Ehrenamtlichen in Eckental. Sie lobten FLEck e.V. ausdr\u00fccklich und betonten, dass sie unsere Arbeit hoch sch\u00e4tzen. Wir haben die beiden eingeladen, den Dialog weiter fortzusetzen.<\/span><\/p>\n","protected":false},"excerpt":{"rendered":"<p>Innenminister Joachim Herrmann war bei uns zu Gast und hatte ein offenes Ohr f\u00fcr FLEck e.V. Bereits zum zweiten Mal besuchte uns der Minister in unserem Raum im Interimsgeb\u00e4ude und gratulierte zugleich herzlich zu unserem 5-j\u00e4hrigen Bestehen. Wir sind schon a weng stolz darauf, dass sich der bayerische Staatsminister des Inneren, f\u00fcr Sport und Integration [&hellip;]<\/p>\n","protected":false},"author":4,"featured_media":0,"comment_status":"closed","ping_status":"closed","sticky":false,"template":"","format":"standard","meta":{"footnotes":""},"categories":[1],"tags":[],"class_list":["post-3019","post","type-post","status-publish","format-standard","hentry","category-allgemein"],"_links":{"self":[{"href":"http:\/\/www.fleck-ev.de\/index.php?rest_route=\/wp\/v2\/posts\/3019","targetHints":{"allow":["GET"]}}],"collection":[{"href":"http:\/\/www.fleck-ev.de\/index.php?rest_route=\/wp\/v2\/posts"}],"about":[{"href":"http:\/\/www.fleck-ev.de\/index.php?rest_route=\/wp\/v2\/types\/post"}],"author":[{"embeddable":true,"href":"http:\/\/www.fleck-ev.de\/index.php?rest_route=\/wp\/v2\/users\/4"}],"replies":[{"embeddable":true,"href":"http:\/\/www.fleck-ev.de\/index.php?rest_route=%2Fwp%2Fv2%2Fcomments&post=3019"}],"version-history":[{"count":3,"href":"http:\/\/www.fleck-ev.de\/index.php?rest_route=\/wp\/v2\/posts\/3019\/revisions"}],"predecessor-version":[{"id":3032,"href":"http:\/\/www.fleck-ev.de\/index.php?rest_route=\/wp\/v2\/posts\/3019\/revisions\/3032"}],"wp:attachment":[{"href":"http:\/\/www.fleck-ev.de\/index.php?rest_route=%2Fwp%2Fv2%2Fmedia&parent=3019"}],"wp:term":[{"taxonomy":"category","embeddable":true,"href":"http:\/\/www.fleck-ev.de\/index.php?rest_route=%2Fwp%2Fv2%2Fcategories&post=3019"},{"taxonomy":"post_tag","embeddable":true,"href":"http:\/\/www.fleck-ev.de\/index.php?rest_route=%2Fwp%2Fv2%2Ftags&post=3019"}],"curies":[{"name":"wp","href":"https:\/\/api.w.org\/{rel}","templated":true}]}}