{"id":3013,"date":"2019-12-23T21:58:04","date_gmt":"2019-12-23T20:58:04","guid":{"rendered":"http:\/\/www.fleck-ev.de\/?p=3013"},"modified":"2019-12-23T21:58:04","modified_gmt":"2019-12-23T20:58:04","slug":"weihnachtswuensche","status":"publish","type":"post","link":"http:\/\/www.fleck-ev.de\/?p=3013","title":{"rendered":"Weihnachtsw\u00fcnsche"},"content":{"rendered":"<p><a href=\"http:\/\/www.fleck-ev.de\/wp-content\/uploads\/2019\/12\/FLEck-Weihnachtskugel-2019-Katharina.jpg\"><img loading=\"lazy\" decoding=\"async\" class=\"alignnone wp-image-3014 size-large\" src=\"http:\/\/www.fleck-ev.de\/wp-content\/uploads\/2019\/12\/FLEck-Weihnachtskugel-2019-Katharina-744x1024.jpg\" alt=\"\" width=\"610\" height=\"840\" srcset=\"http:\/\/www.fleck-ev.de\/wp-content\/uploads\/2019\/12\/FLEck-Weihnachtskugel-2019-Katharina-744x1024.jpg 744w, http:\/\/www.fleck-ev.de\/wp-content\/uploads\/2019\/12\/FLEck-Weihnachtskugel-2019-Katharina-218x300.jpg 218w, http:\/\/www.fleck-ev.de\/wp-content\/uploads\/2019\/12\/FLEck-Weihnachtskugel-2019-Katharina-768x1057.jpg 768w\" sizes=\"auto, (max-width: 610px) 100vw, 610px\" \/><\/a><\/p>\n<p class=\"western\"><span style=\"font-family: Cambria, sans-serif;\"><span style=\"font-size: large;\">Liebe Mitglieder und Freunde von FLEck e.V.,<\/span><\/span><\/p>\n<p class=\"western\"><span style=\"font-family: Cambria, sans-serif;\"><span style=\"font-size: large;\">das Jahr 2019 geht in den Schlussspurt \u2013 f\u00fcr FLEck ist damit fast das 5. Jahr geschafft \u2013 viel haben wir auch dieses Jahr wieder zusammen und manchmal auch alleine erreicht.<\/span><\/span><\/p>\n<p class=\"western\"><span style=\"font-family: Cambria, sans-serif;\"><span style=\"font-size: large;\">Ich finde, wir k\u00f6nnen stolz auf unsere Anstrengungen sein, Eckental nicht nur f\u00fcr uns, sondern auch f\u00fcr die zu uns Gefl\u00fcchteten, zu einem guten Platz zum Leben zu machen.<\/span><\/span><\/p>\n<p class=\"western\"><span style=\"font-family: Cambria, sans-serif;\"><span style=\"font-size: large;\">Gemeinsam gestalten wir diesen Weg dahin und zu dem gemeinsam geh\u00f6ren mittlerweile auch etliche, die eigentlich unsere \u201eSch\u00fctzlinge\u201c waren und nun selber aktiv dabei mithelfen, den langen Atem zu haben, den Integration braucht.<\/span><\/span><\/p>\n<p class=\"western\"><span style=\"font-family: Cambria, sans-serif;\"><span style=\"font-size: large;\">Wir stecken immer noch voller Ideen und Elan und so bin ich gespannt, was 2020 bringen wird \u2013 sicherlich schon mal ein Highlight wird das gro\u00dfe Fest &gt;Eckental verein(t)&lt; werden, f\u00fcr das wir den F\u00f6rderpreis der Zukunftsstiftung Ehrenamt Bayern 2019 bekommen haben \u2013 dann soll unser Kochbuchprojekt seinen Abschluss im Winter mit dem Erscheinen des Buches finden \u2013 auch unser Raum 026 bekommt ein Upgrade zu einem vielseitigen Begegnungsraum \u2013 ein Chorprojekt k\u00f6nnte ebenso entstehen wie so manche Idee, die erst noch geboren werden wird. <\/span><\/span><\/p>\n<p class=\"western\"><span style=\"font-family: Cambria, sans-serif;\"><span style=\"font-size: large;\">An unserem Fleckchen Erde r\u00fchrt sich eben so einiges \u2026<\/span><\/span><\/p>\n<p class=\"western\"><a name=\"_GoBack\"><\/a><span style=\"font-family: Cambria, sans-serif;\"><span style=\"font-size: large;\">So w\u00fcnschen wir nun allen ruhige und fr\u00f6hliche Feiertage und einen guten Start ins neue Jahr ganz im Sinne der wunderbaren Weihnachtskugel, die Katharina Huesges wieder f\u00fcr uns gestaltet hat.<\/span><\/span><\/p>\n<p class=\"western\"><span style=\"font-family: Cambria, sans-serif;\">Claudia Bl\u00f6chl f\u00fcr den gesamten Vorstand<\/span><\/p>\n","protected":false},"excerpt":{"rendered":"<p>Liebe Mitglieder und Freunde von FLEck e.V., das Jahr 2019 geht in den Schlussspurt \u2013 f\u00fcr FLEck ist damit fast das 5. Jahr geschafft \u2013 viel haben wir auch dieses Jahr wieder zusammen und manchmal auch alleine erreicht. Ich finde, wir k\u00f6nnen stolz auf unsere Anstrengungen sein, Eckental nicht nur f\u00fcr uns, sondern auch f\u00fcr [&hellip;]<\/p>\n","protected":false},"author":4,"featured_media":0,"comment_status":"closed","ping_status":"closed","sticky":false,"template":"","format":"standard","meta":{"footnotes":""},"categories":[1],"tags":[],"class_list":["post-3013","post","type-post","status-publish","format-standard","hentry","category-allgemein"],"_links":{"self":[{"href":"http:\/\/www.fleck-ev.de\/index.php?rest_route=\/wp\/v2\/posts\/3013","targetHints":{"allow":["GET"]}}],"collection":[{"href":"http:\/\/www.fleck-ev.de\/index.php?rest_route=\/wp\/v2\/posts"}],"about":[{"href":"http:\/\/www.fleck-ev.de\/index.php?rest_route=\/wp\/v2\/types\/post"}],"author":[{"embeddable":true,"href":"http:\/\/www.fleck-ev.de\/index.php?rest_route=\/wp\/v2\/users\/4"}],"replies":[{"embeddable":true,"href":"http:\/\/www.fleck-ev.de\/index.php?rest_route=%2Fwp%2Fv2%2Fcomments&post=3013"}],"version-history":[{"count":1,"href":"http:\/\/www.fleck-ev.de\/index.php?rest_route=\/wp\/v2\/posts\/3013\/revisions"}],"predecessor-version":[{"id":3015,"href":"http:\/\/www.fleck-ev.de\/index.php?rest_route=\/wp\/v2\/posts\/3013\/revisions\/3015"}],"wp:attachment":[{"href":"http:\/\/www.fleck-ev.de\/index.php?rest_route=%2Fwp%2Fv2%2Fmedia&parent=3013"}],"wp:term":[{"taxonomy":"category","embeddable":true,"href":"http:\/\/www.fleck-ev.de\/index.php?rest_route=%2Fwp%2Fv2%2Fcategories&post=3013"},{"taxonomy":"post_tag","embeddable":true,"href":"http:\/\/www.fleck-ev.de\/index.php?rest_route=%2Fwp%2Fv2%2Ftags&post=3013"}],"curies":[{"name":"wp","href":"https:\/\/api.w.org\/{rel}","templated":true}]}}