{"id":3002,"date":"2019-12-06T11:20:01","date_gmt":"2019-12-06T10:20:01","guid":{"rendered":"http:\/\/www.fleck-ev.de\/?p=3002"},"modified":"2019-12-06T11:20:01","modified_gmt":"2019-12-06T10:20:01","slug":"fleck-e-v-auf-dem-spendenportal","status":"publish","type":"post","link":"http:\/\/www.fleck-ev.de\/?p=3002","title":{"rendered":"FLEck e.V. auf dem Spendenportal"},"content":{"rendered":"<p><strong>F\u00fcr folgende Projekte bitten wir um Unterst\u00fctzung:<\/strong><\/p>\n<p><strong>ERFOLGREICHE INTEGRATION BRAUCHT BILDUNG UND SPRACHE<br \/>\nhier klicken und anschauen:<\/strong>\u00a0<a href=\"https:\/\/sparkasse-erlangen.engagementportal.de\/projects\/73503\">https:\/\/sparkasse-erlangen.engagementportal.de\/projects\/73503<\/a><\/p>\n<p>Unser Text auf dem Spendenportal: <em>&#8222;<\/em><em>Seit 2015 ist die Eckentaler Fl\u00fcchtlingsinitiative FLEck e.V. am Start und \u00fcber die Jahre sind wir sozusagen &#8222;Fachleute in Sachen Integration&#8220; geworden. Wir Ehrenamtliche haben schnell erkannt, dass Kommunikation, Sprache und Bildung die notwendige Grundlage f\u00fcr eine gelungene Integration von Gefl\u00fcchteten darstellt. Einer unserer Schwerpunkte ist deshalb die &#8222;FLEck-Academy&#8220;. Hier unterst\u00fctzen wir auf unterschiedlichste Art und Weise Sprach- und Bildungserwerb. Wir geben niederschwellige Deutschkurse (u.a. auch Alphabetisierung), geben Sch\u00fclerInnen, StudentInnen und Auszubildenden individuelle Nachhilfe f\u00fcr alle Schultypen, unterst\u00fctzen Schule und Hort, beschaffen Lehrb\u00fccher und Unterrichtsmaterial, geben flei\u00dfigen Sch\u00fclerInnen Zusch\u00fcsse zu Pr\u00fcfungskosten oder auch Zusch\u00fcsse zu Fahrtkosten zu Schulen, wenn diese nicht von anderer Seite erstattet werden. Auch au\u00dferschulische Bildungskurse werden unterst\u00fctzt. Ein besonderes Anliegen ist uns die Integration von Frauen und M\u00fcttern, damit auch diese m\u00f6glichst schnell Deutsch lernen und Kontakte aufbauen k\u00f6nnen. Um ihnen die Teilnahme an ehrenamtlich geleiteten Deutschkursen, die speziell auf sie zugeschnitten sind, zu erm\u00f6glichen, werden die (Klein-)Kinder w\u00e4hrend des Unterrichts in einem anderen Raum, genannt &#8222;FLEckchen&#8220;, von Ehrenamtlichen Betreuerinnen umsorgt. Au\u00dferdem gibt es Sprachpaten, die mit Familien Konversation \u00fcben und sie f\u00fcr den Alltag fit machen. FLEck e.V. setzt an vielen Stellen an, um hier die bestm\u00f6glichen Bedingungen zu schaffen. Es ist eine Aufgabe, die viel Zeit und einen langen Atem ben\u00f6tigt. Aber sie ist auch f\u00fcr uns Ehrenamtliche bereichernd und interkulturelles Lernen macht allen Beteiligten Spa\u00df. So gestalten wir im Ehrenamt unsere gesellschaftliche Gegenwart und Zukunft: wir sorgen daf\u00fcr, dass Eckental durch ein gutes Miteinander von Alteingesessenen und Neub\u00fcrgern ein guter Platz zum Leben ist und bleibt. Mit Ihrer Spende unterst\u00fctzen Sie uns dabei.&#8220;<br \/>\n<\/em><\/p>\n<p><strong>KOCHBUCHPROJEKT: DIE BESTEN REZEPTE VON &#8222;UNSEREN&#8220; GEFL\u00dcCHTETEN <\/strong><strong><br \/>\nhier klicken und anschauen: <\/strong><a href=\"https:\/\/sparkasse-erlangen.engagementportal.de\/projects\/73439\">https:\/\/sparkasse-erlangen.engagementportal.de\/projects\/73439<\/a><\/p>\n<p>Auch auf der Website des Spendenportals zu lesen: <em>&#8222;Gemeinsam zu essen, ist ein guter T\u00fcr\u00f6ffner: Wenn wir einander kennenlernen wollen, ist eine Einladung zum Essen &#8211; auch f\u00fcr Gefl\u00fcchtete &#8211; eine gute M\u00f6glichkeit, ein St\u00fcck ihrer Heimat und Kultur in Deutschland zu leben und uns ihrerseits Gastfreundschaft entgegenzubringen. Und bei den Festen, die wir gemeinsam gefeiert haben, waren die bunten und extrem leckeren Buffets, f\u00fcr die viele der Gefl\u00fcchteten oft mehr als zwei oder drei Gerichte beisteuerten, immer ein absolutes Highlight: Augenweide und Gaumenfreude! <\/em><em><strong>Gemeinsames Essen verbindet<\/strong><\/em><em> zum Einen, zeigt aber auch anschaulich das Anderssein, die Besonderheiten der anderen &#8222;Ess-&#8222;Kulturen auf: hier k\u00f6nnen wir mit allen Sinnen erfassen. Denn kochen und essen m\u00fcssen wir alle &#8211; und doch tun wir es auf sehr unterschiedliche Art. Das fanden wir von der Fl\u00fcchtlingsinitiative Eckental FLEck e.V. spannend und haben deshalb beschlossen, uns zeigen zu lassen, was und wie unsere neuen Mitb\u00fcrgerInnen aus Syrien, \u00c4thiopien, Tschtenien, dem Irak, usw. kochen. Daf\u00fcr gehen wir gemeinsam einkaufen und kochen dann zusammen in einer Schulk\u00fcche. Hier schauen den K\u00f6chInnen genau auf die Finger und lassen uns die einzelnen Arbeitsg\u00e4nge erkl\u00e4ren. Danach &#8211; und w\u00e4hrenddessen &#8211; wird alles professionell von einem Fotografen und einer Food-Designerin dokumentiert. Und nat\u00fcrlich danach auch probiert. <\/em><em><strong>Am Ende wollen wir ein Kochbuch herausgeben, das zeigt, wie lecker Integration sein kann! <\/strong><\/em><em>Der Erl\u00f6s soll der ehrenamtlichen Arbeit der Fl\u00fcchtlingsinitiative zugute kommen.&#8220;<\/em><\/p>\n","protected":false},"excerpt":{"rendered":"<p>F\u00fcr folgende Projekte bitten wir um Unterst\u00fctzung: ERFOLGREICHE INTEGRATION BRAUCHT BILDUNG UND SPRACHE hier klicken und anschauen:\u00a0https:\/\/sparkasse-erlangen.engagementportal.de\/projects\/73503 Unser Text auf dem Spendenportal: &#8222;Seit 2015 ist die Eckentaler Fl\u00fcchtlingsinitiative FLEck e.V. am Start und \u00fcber die Jahre sind wir sozusagen &#8222;Fachleute in Sachen Integration&#8220; geworden. Wir Ehrenamtliche haben schnell erkannt, dass Kommunikation, Sprache und Bildung die [&hellip;]<\/p>\n","protected":false},"author":4,"featured_media":0,"comment_status":"closed","ping_status":"closed","sticky":false,"template":"","format":"standard","meta":{"footnotes":""},"categories":[1],"tags":[],"class_list":["post-3002","post","type-post","status-publish","format-standard","hentry","category-allgemein"],"_links":{"self":[{"href":"http:\/\/www.fleck-ev.de\/index.php?rest_route=\/wp\/v2\/posts\/3002","targetHints":{"allow":["GET"]}}],"collection":[{"href":"http:\/\/www.fleck-ev.de\/index.php?rest_route=\/wp\/v2\/posts"}],"about":[{"href":"http:\/\/www.fleck-ev.de\/index.php?rest_route=\/wp\/v2\/types\/post"}],"author":[{"embeddable":true,"href":"http:\/\/www.fleck-ev.de\/index.php?rest_route=\/wp\/v2\/users\/4"}],"replies":[{"embeddable":true,"href":"http:\/\/www.fleck-ev.de\/index.php?rest_route=%2Fwp%2Fv2%2Fcomments&post=3002"}],"version-history":[{"count":1,"href":"http:\/\/www.fleck-ev.de\/index.php?rest_route=\/wp\/v2\/posts\/3002\/revisions"}],"predecessor-version":[{"id":3003,"href":"http:\/\/www.fleck-ev.de\/index.php?rest_route=\/wp\/v2\/posts\/3002\/revisions\/3003"}],"wp:attachment":[{"href":"http:\/\/www.fleck-ev.de\/index.php?rest_route=%2Fwp%2Fv2%2Fmedia&parent=3002"}],"wp:term":[{"taxonomy":"category","embeddable":true,"href":"http:\/\/www.fleck-ev.de\/index.php?rest_route=%2Fwp%2Fv2%2Fcategories&post=3002"},{"taxonomy":"post_tag","embeddable":true,"href":"http:\/\/www.fleck-ev.de\/index.php?rest_route=%2Fwp%2Fv2%2Ftags&post=3002"}],"curies":[{"name":"wp","href":"https:\/\/api.w.org\/{rel}","templated":true}]}}