{"id":2614,"date":"2018-10-31T01:38:01","date_gmt":"2018-10-31T00:38:01","guid":{"rendered":"http:\/\/www.fleck-ev.de\/?p=2614"},"modified":"2018-11-29T19:14:03","modified_gmt":"2018-11-29T18:14:03","slug":"meine-heimat-deine-heimat-keine-heimat","status":"publish","type":"post","link":"http:\/\/www.fleck-ev.de\/?p=2614","title":{"rendered":"&#8222;Meine Heimat, Deine Heimat, Keine Heimat&#8220;"},"content":{"rendered":"<p>Das neue Buch der MarktschreiberInnen &#8222;Meine Heimat, Deine Heimat, Keine Heimat&#8220; ist erschienen! Die Textsammlung der Eckentaler AutorInnen besch\u00e4ftigt sich mit dem Thema &#8222;Heimat&#8220; aus ganz verschiedenen Blickwinkeln. Darunter auch eine interessante Wortsammlung, die durch eine Fragebogenaktion gewonnen wurde, in der unter anderem Mitglieder des Hospizvereins Eckental und von FLEck e.V. ihren ganz pers\u00f6nlichen Heimatbegriff in Schlagworten und kurzen Texten erkl\u00e4rten.<br \/>\nDas inzwischen vierte Buch der zehn Eckentaler MarktschreiberInnen wird in mehreren Lesungen vorgestellt:<\/p>\n<p>Montag, 19. November 2018, 19:30 Uhr in der Pfarrscheune Kirchengemeinde Eschenau (Marktplatz 1)<\/p>\n<p>Donnerstag, 22. November 2018, 19 Uhr in den B\u00fcrgerstuben der Mehrzweckhalle in Weisendorf (Reuther Weg 6). Es spielt die Band &#8222;Sax Selection&#8220;.<\/p>\n<p>Donnerstag, 29. November 2018, 19:30 Uhr in der Buchhandlung B\u00fccherecke in Eschenau<\/p>\n<p>Freitag, 7. Dezember 2018, 17:30 Uhr in Bammersdorf, Haus Feldweg (Am Brunnfeld 5)<\/p>\n<p>Donnerstag, 24. Januar 2019, 14 Uhr Mittagslesung im N\u00fcrnberger K\u00fcnstlerhaus\/Glasbau.<\/p>\n<p>Dienstag, 29. Januar 2019, 19 Uhr &#8222;Heimat&#8220;-Abend Hospizverein Eckental (Ambazac Str. 10, Eschenau)<\/p>\n<p>Mittwoch, 6. Februar 2019, 19 Uhr im Kulturkreis in Buckenhof<\/p>\n<p>Dienstag, 26. M\u00e4rz 2019, 19:30 Uhr in Tennenlohe im Frauenkreis der ev. Kirche<\/p>\n<p>Die B\u00fccher sind bei den Lesungen und in den \u00f6rtlichen Buchhandlungen B\u00fccherecke und Endress zu erhalten. Der Erl\u00f6s kommt FLEck e.V. und dem Hospizverein zugute.<\/p>\n","protected":false},"excerpt":{"rendered":"<p>Das neue Buch der MarktschreiberInnen &#8222;Meine Heimat, Deine Heimat, Keine Heimat&#8220; ist erschienen! Die Textsammlung der Eckentaler AutorInnen besch\u00e4ftigt sich mit dem Thema &#8222;Heimat&#8220; aus ganz verschiedenen Blickwinkeln. Darunter auch eine interessante Wortsammlung, die durch eine Fragebogenaktion gewonnen wurde, in der unter anderem Mitglieder des Hospizvereins Eckental und von FLEck e.V. ihren ganz pers\u00f6nlichen Heimatbegriff [&hellip;]<\/p>\n","protected":false},"author":4,"featured_media":0,"comment_status":"closed","ping_status":"closed","sticky":false,"template":"","format":"standard","meta":{"footnotes":""},"categories":[1],"tags":[],"class_list":["post-2614","post","type-post","status-publish","format-standard","hentry","category-allgemein"],"_links":{"self":[{"href":"http:\/\/www.fleck-ev.de\/index.php?rest_route=\/wp\/v2\/posts\/2614","targetHints":{"allow":["GET"]}}],"collection":[{"href":"http:\/\/www.fleck-ev.de\/index.php?rest_route=\/wp\/v2\/posts"}],"about":[{"href":"http:\/\/www.fleck-ev.de\/index.php?rest_route=\/wp\/v2\/types\/post"}],"author":[{"embeddable":true,"href":"http:\/\/www.fleck-ev.de\/index.php?rest_route=\/wp\/v2\/users\/4"}],"replies":[{"embeddable":true,"href":"http:\/\/www.fleck-ev.de\/index.php?rest_route=%2Fwp%2Fv2%2Fcomments&post=2614"}],"version-history":[{"count":5,"href":"http:\/\/www.fleck-ev.de\/index.php?rest_route=\/wp\/v2\/posts\/2614\/revisions"}],"predecessor-version":[{"id":2621,"href":"http:\/\/www.fleck-ev.de\/index.php?rest_route=\/wp\/v2\/posts\/2614\/revisions\/2621"}],"wp:attachment":[{"href":"http:\/\/www.fleck-ev.de\/index.php?rest_route=%2Fwp%2Fv2%2Fmedia&parent=2614"}],"wp:term":[{"taxonomy":"category","embeddable":true,"href":"http:\/\/www.fleck-ev.de\/index.php?rest_route=%2Fwp%2Fv2%2Fcategories&post=2614"},{"taxonomy":"post_tag","embeddable":true,"href":"http:\/\/www.fleck-ev.de\/index.php?rest_route=%2Fwp%2Fv2%2Ftags&post=2614"}],"curies":[{"name":"wp","href":"https:\/\/api.w.org\/{rel}","templated":true}]}}