{"id":2611,"date":"2018-10-31T00:28:36","date_gmt":"2018-10-30T23:28:36","guid":{"rendered":"http:\/\/www.fleck-ev.de\/?p=2611"},"modified":"2018-10-31T00:28:36","modified_gmt":"2018-10-30T23:28:36","slug":"caritas-und-fleck-e-v-arbeiten-hand-in-hand","status":"publish","type":"post","link":"http:\/\/www.fleck-ev.de\/?p=2611","title":{"rendered":"Caritas und FLEck e.V. arbeiten Hand in Hand"},"content":{"rendered":"<p><span style=\"font-family: Verdana;\">Jeden Mittwoch trifft sich der FLEck Leitungskreis, um sich auszutauschen und die aktuell anstehenden Themen zu besprechen. Oft sind Kooperationspartner zu Gast, um das inzwischen schon dichte Netzwerk noch weiter auszubauen. Auch auf dieser Ebene hat FLEck e.V. inzwischen eine &#8222;Leuchtturmfunktion&#8220; f\u00fcr andere Initiativen. Eine besondere Rolle spielt dabei die Fl\u00fcchtlings- und Integrationsberatung der Caritas in Eckental: Sandra K\u00f6tter und Christian Lohmann arbeiten als hauptamtliche Sozialberater eng mit den Ehrenamtlichen der Fl\u00fcchtlingsinitiative zusammen und sind auch unverzichtbarer Teil des Leitungskreises in beratender Funktion. Der Besuch ihrer Vorgesetzten Verena Zepter in der letzten Sitzung wurde zum Anlass genommen, hierf\u00fcr ganz herzlich &#8222;Danke&#8220; zu sagen und die &#8211; bei weitem nicht selbstverst\u00e4ndliche &#8211; unkomplizierte, immer hilfreiche und reibungslose Zusammenarbeit zu allen Tag- und Nachtzeiten und in allen Lebenslagen f\u00fcr Gefl\u00fcchtete aber auch ehrenamtliche Helfer hervorzuheben.<br \/>\n<a href=\"http:\/\/www.fleck-ev.de\/wp-content\/uploads\/2018\/10\/Gruppenbild-Caritas_171018_IMG_6577.jpg\"><img loading=\"lazy\" decoding=\"async\" class=\"alignnone size-medium wp-image-2612\" src=\"http:\/\/www.fleck-ev.de\/wp-content\/uploads\/2018\/10\/Gruppenbild-Caritas_171018_IMG_6577-300x219.jpg\" alt=\"\" width=\"300\" height=\"219\" srcset=\"http:\/\/www.fleck-ev.de\/wp-content\/uploads\/2018\/10\/Gruppenbild-Caritas_171018_IMG_6577-300x219.jpg 300w, http:\/\/www.fleck-ev.de\/wp-content\/uploads\/2018\/10\/Gruppenbild-Caritas_171018_IMG_6577-768x560.jpg 768w, http:\/\/www.fleck-ev.de\/wp-content\/uploads\/2018\/10\/Gruppenbild-Caritas_171018_IMG_6577-1024x746.jpg 1024w, http:\/\/www.fleck-ev.de\/wp-content\/uploads\/2018\/10\/Gruppenbild-Caritas_171018_IMG_6577-220x161.jpg 220w\" sizes=\"auto, (max-width: 300px) 100vw, 300px\" \/><\/a><br \/>\n<\/span><\/p>\n","protected":false},"excerpt":{"rendered":"<p>Jeden Mittwoch trifft sich der FLEck Leitungskreis, um sich auszutauschen und die aktuell anstehenden Themen zu besprechen. Oft sind Kooperationspartner zu Gast, um das inzwischen schon dichte Netzwerk noch weiter auszubauen. Auch auf dieser Ebene hat FLEck e.V. inzwischen eine &#8222;Leuchtturmfunktion&#8220; f\u00fcr andere Initiativen. Eine besondere Rolle spielt dabei die Fl\u00fcchtlings- und Integrationsberatung der Caritas [&hellip;]<\/p>\n","protected":false},"author":4,"featured_media":0,"comment_status":"closed","ping_status":"closed","sticky":false,"template":"","format":"standard","meta":{"footnotes":""},"categories":[1],"tags":[],"class_list":["post-2611","post","type-post","status-publish","format-standard","hentry","category-allgemein"],"_links":{"self":[{"href":"http:\/\/www.fleck-ev.de\/index.php?rest_route=\/wp\/v2\/posts\/2611","targetHints":{"allow":["GET"]}}],"collection":[{"href":"http:\/\/www.fleck-ev.de\/index.php?rest_route=\/wp\/v2\/posts"}],"about":[{"href":"http:\/\/www.fleck-ev.de\/index.php?rest_route=\/wp\/v2\/types\/post"}],"author":[{"embeddable":true,"href":"http:\/\/www.fleck-ev.de\/index.php?rest_route=\/wp\/v2\/users\/4"}],"replies":[{"embeddable":true,"href":"http:\/\/www.fleck-ev.de\/index.php?rest_route=%2Fwp%2Fv2%2Fcomments&post=2611"}],"version-history":[{"count":1,"href":"http:\/\/www.fleck-ev.de\/index.php?rest_route=\/wp\/v2\/posts\/2611\/revisions"}],"predecessor-version":[{"id":2613,"href":"http:\/\/www.fleck-ev.de\/index.php?rest_route=\/wp\/v2\/posts\/2611\/revisions\/2613"}],"wp:attachment":[{"href":"http:\/\/www.fleck-ev.de\/index.php?rest_route=%2Fwp%2Fv2%2Fmedia&parent=2611"}],"wp:term":[{"taxonomy":"category","embeddable":true,"href":"http:\/\/www.fleck-ev.de\/index.php?rest_route=%2Fwp%2Fv2%2Fcategories&post=2611"},{"taxonomy":"post_tag","embeddable":true,"href":"http:\/\/www.fleck-ev.de\/index.php?rest_route=%2Fwp%2Fv2%2Ftags&post=2611"}],"curies":[{"name":"wp","href":"https:\/\/api.w.org\/{rel}","templated":true}]}}