{"id":1959,"date":"2017-05-10T09:49:52","date_gmt":"2017-05-10T07:49:52","guid":{"rendered":"http:\/\/www.fleck-ev.de\/?p=1959"},"modified":"2017-05-10T09:56:20","modified_gmt":"2017-05-10T07:56:20","slug":"1959","status":"publish","type":"post","link":"http:\/\/www.fleck-ev.de\/?p=1959","title":{"rendered":"Kunst im Asylbewerberheim in Forth"},"content":{"rendered":"<div>Einladung zur\u00a0 neue Ausstellung in der Galerie ZwischenRaum20<\/div>\n<div><\/div>\n<h4 style=\"text-align: center;\"><strong>&#8222;DER GETEILTE HIMMEL&#8220;<\/strong><\/h4>\n<div>Landschaftsmalerei des fr\u00fchen 20. Jahrhunderts zwischen Klischee und Moderne.<\/div>\n<div>Gezeigt werden 42 Exponate von Malern\/Malerinnen, \u00fcberwiegend \u00d6lgem\u00e4lde der Klassischen Moderne. Die Ausstellung beleuchtet das Spannungsfeld von traditionellen und modernen Einfl\u00fcssen verschiedener Stilrichtungen in dieser Zeit, wie Impressionismus, Expressionismus, Neue Sachlichkeit, etc. Au\u00dferdem werden einzelne K\u00fcnstlerbiografien vorgestellt.<\/div>\n<div><\/div>\n<div>u.a. Jules Pierre van Biesbroeck (1873-1965), Eva Stort (1855-1934), Gustav Macoun (1892-1934),<\/div>\n<div>Erich von Perfall (1882-1961), Albert Herzfeld (1885-1943), Alexander Drevin (1889-1938),<\/div>\n<div>Franz Moro (1875-1961), Ernst Wagner (1877-1951), Thomas Bachmeier (1895-1960), Carl von Marr (1858-1936)<\/div>\n<div><\/div>\n<div><\/div>\n<div><strong>Die Schau dauert vom 14.5. bis 16.7. 2017.<\/strong><\/div>\n<div>\u00d6ffnungszeiten: mittwochs 16-20 Uhr und nach Vereinbarung Tel. 09126\/2933253 und 01578\/1902152<\/div>\n<div><\/div>\n<div><strong>Ausstellungser\u00f6ffnung ist am Samstag, 13. Mai, 17 Uhr<\/strong><\/div>\n<div>in den R\u00e4umen der Galerie, Bismarckstr. 20 (Au\u00dfentreppe), 90542 Eckental-Forth.<\/div>\n<div>Gru\u00dfwort: Helmut Schallock, Einf\u00fchrung: G\u00fcnter Rocznik<\/div>\n<div>Musik: Abudulrahman Haso<\/div>\n<div>Weitere Informationen: <a href=\"http:\/\/www.rocznik-kunst.de\" target=\"_blank\" rel=\"noopener noreferrer\">www.rocznik-kunst.de<\/a><\/div>\n","protected":false},"excerpt":{"rendered":"<p>Einladung zur\u00a0 neue Ausstellung in der Galerie ZwischenRaum20 &#8222;DER GETEILTE HIMMEL&#8220; Landschaftsmalerei des fr\u00fchen 20. Jahrhunderts zwischen Klischee und Moderne. Gezeigt werden 42 Exponate von Malern\/Malerinnen, \u00fcberwiegend \u00d6lgem\u00e4lde der Klassischen Moderne. Die Ausstellung beleuchtet das Spannungsfeld von traditionellen und modernen Einfl\u00fcssen verschiedener Stilrichtungen in dieser Zeit, wie Impressionismus, Expressionismus, Neue Sachlichkeit, etc. Au\u00dferdem werden einzelne [&hellip;]<\/p>\n","protected":false},"author":4,"featured_media":0,"comment_status":"closed","ping_status":"closed","sticky":false,"template":"","format":"standard","meta":{"footnotes":""},"categories":[1],"tags":[],"class_list":["post-1959","post","type-post","status-publish","format-standard","hentry","category-allgemein"],"_links":{"self":[{"href":"http:\/\/www.fleck-ev.de\/index.php?rest_route=\/wp\/v2\/posts\/1959","targetHints":{"allow":["GET"]}}],"collection":[{"href":"http:\/\/www.fleck-ev.de\/index.php?rest_route=\/wp\/v2\/posts"}],"about":[{"href":"http:\/\/www.fleck-ev.de\/index.php?rest_route=\/wp\/v2\/types\/post"}],"author":[{"embeddable":true,"href":"http:\/\/www.fleck-ev.de\/index.php?rest_route=\/wp\/v2\/users\/4"}],"replies":[{"embeddable":true,"href":"http:\/\/www.fleck-ev.de\/index.php?rest_route=%2Fwp%2Fv2%2Fcomments&post=1959"}],"version-history":[{"count":6,"href":"http:\/\/www.fleck-ev.de\/index.php?rest_route=\/wp\/v2\/posts\/1959\/revisions"}],"predecessor-version":[{"id":1965,"href":"http:\/\/www.fleck-ev.de\/index.php?rest_route=\/wp\/v2\/posts\/1959\/revisions\/1965"}],"wp:attachment":[{"href":"http:\/\/www.fleck-ev.de\/index.php?rest_route=%2Fwp%2Fv2%2Fmedia&parent=1959"}],"wp:term":[{"taxonomy":"category","embeddable":true,"href":"http:\/\/www.fleck-ev.de\/index.php?rest_route=%2Fwp%2Fv2%2Fcategories&post=1959"},{"taxonomy":"post_tag","embeddable":true,"href":"http:\/\/www.fleck-ev.de\/index.php?rest_route=%2Fwp%2Fv2%2Ftags&post=1959"}],"curies":[{"name":"wp","href":"https:\/\/api.w.org\/{rel}","templated":true}]}}