{"id":1710,"date":"2016-06-17T08:18:50","date_gmt":"2016-06-17T06:18:50","guid":{"rendered":"http:\/\/www.fleck-ev.de\/?p=1710"},"modified":"2016-06-29T06:29:26","modified_gmt":"2016-06-29T04:29:26","slug":"fleck-braucht-ihre-unterstuetzung-neue-asylunterkunft-in-forth","status":"publish","type":"post","link":"http:\/\/www.fleck-ev.de\/?p=1710","title":{"rendered":"FLEck braucht Ihre Unterst\u00fctzung \u2013 Treffen am 29.6. f\u00fcr neue Asylunterkunft in Forth"},"content":{"rendered":"<p>FLEck k\u00fcmmert sich jetzt seit 1 \u00bd Jahren um die Fl\u00fcchtlinge in Eckental. Das ehrenamtliche Team ist inzwischen mit den meisten Aufgaben vertraut und kann aufgrund einer erfolgreich gewachsenen Struktur in vielen Bereichen Hilfestellung leisten.<\/p>\n<p>Die Asylsuchenden, die zu uns kommen, m\u00fcssen sich nicht nur mit der deutschen Kultur und der Rechtsstaatlichkeit auseinandersetzen, sondern zun\u00e4chst mit den Gegebenheiten vor Ort. Dazu geh\u00f6rt die Anmeldung im Rathaus, das Kennenlernen der Einkaufsm\u00f6glichkeiten, Arztpraxen, die vielen Besuche bei Beh\u00f6rden und das Ausf\u00fcllen von schwer verst\u00e4ndlichen Formularen, Informationen zu Ausbildungs- und Arbeitsm\u00f6glichkeiten und nat\u00fcrlich das Erlernen der deutschen Sprache. Hierbei erhalten sie Unterst\u00fctzung von den Ehrenamtlichen.<\/p>\n<p>Im Juli erwarten wir weitere 76 Asylsuchende in Eckental und die FLEck Helfer signalisieren, dass sie Unterst\u00fctzung bei ihren Aufgaben brauchen.<\/p>\n<p>Vielleicht haben Sie auch schon \u00fcberlegt, ob Sie nicht eine ehrenamtliche Aufgabe \u00fcbernehmen k\u00f6nnten. Sie haben vielleicht zwei, drei Stunden Zeit in der Woche und k\u00f6nnen sich vorstellen Menschen, die sich in einer schwierigen Situation befinden, beizustehen.<\/p>\n<p>Sie k\u00f6nnen Ihre F\u00e4higkeiten und pers\u00f6nlichen Interessen in den unterschiedlichsten Bereichen bei FLEck e.V. einbringen und Sie werden viele nette und interessante Menschen kennenlernen: sowohl unter den Fl\u00fcchtlingen als auch unter den anderen Ehrenamtlichen, die Sie gern in ihrer Mitte aufnehmen.<\/p>\n<p>Wie die ehrenamtliche Arbeit in der neuen Asylunterkunft in der Bismarckstra\u00dfe in Forth aussehen kann und wie Sie dort Ihren Platz finden k\u00f6nnen, besprechen wir gemeinsam bei unserem n\u00e4chsten Treffen:<\/p>\n<p>Am <strong>29. Juni um 19.30 Uhr<\/strong> im \u201eInterimsgeb\u00e4ude\u201c, Ambazac-Str. 5, in Eckental-Eschenau im Raum 124.<\/p>\n<p>Falls Sie an dem Tag verhindert sind, kontaktieren Sie uns per Email unter kontakt@fleck-ev.de.<\/p>\n","protected":false},"excerpt":{"rendered":"<p>FLEck k\u00fcmmert sich jetzt seit 1 \u00bd Jahren um die Fl\u00fcchtlinge in Eckental. Das ehrenamtliche Team ist inzwischen mit den meisten Aufgaben vertraut und kann aufgrund einer erfolgreich gewachsenen Struktur in vielen Bereichen Hilfestellung leisten. Die Asylsuchenden, die zu uns kommen, m\u00fcssen sich nicht nur mit der deutschen Kultur und der Rechtsstaatlichkeit auseinandersetzen, sondern zun\u00e4chst [&hellip;]<\/p>\n","protected":false},"author":1,"featured_media":0,"comment_status":"closed","ping_status":"closed","sticky":false,"template":"","format":"standard","meta":{"footnotes":""},"categories":[1],"tags":[],"class_list":["post-1710","post","type-post","status-publish","format-standard","hentry","category-allgemein"],"_links":{"self":[{"href":"http:\/\/www.fleck-ev.de\/index.php?rest_route=\/wp\/v2\/posts\/1710","targetHints":{"allow":["GET"]}}],"collection":[{"href":"http:\/\/www.fleck-ev.de\/index.php?rest_route=\/wp\/v2\/posts"}],"about":[{"href":"http:\/\/www.fleck-ev.de\/index.php?rest_route=\/wp\/v2\/types\/post"}],"author":[{"embeddable":true,"href":"http:\/\/www.fleck-ev.de\/index.php?rest_route=\/wp\/v2\/users\/1"}],"replies":[{"embeddable":true,"href":"http:\/\/www.fleck-ev.de\/index.php?rest_route=%2Fwp%2Fv2%2Fcomments&post=1710"}],"version-history":[{"count":4,"href":"http:\/\/www.fleck-ev.de\/index.php?rest_route=\/wp\/v2\/posts\/1710\/revisions"}],"predecessor-version":[{"id":1720,"href":"http:\/\/www.fleck-ev.de\/index.php?rest_route=\/wp\/v2\/posts\/1710\/revisions\/1720"}],"wp:attachment":[{"href":"http:\/\/www.fleck-ev.de\/index.php?rest_route=%2Fwp%2Fv2%2Fmedia&parent=1710"}],"wp:term":[{"taxonomy":"category","embeddable":true,"href":"http:\/\/www.fleck-ev.de\/index.php?rest_route=%2Fwp%2Fv2%2Fcategories&post=1710"},{"taxonomy":"post_tag","embeddable":true,"href":"http:\/\/www.fleck-ev.de\/index.php?rest_route=%2Fwp%2Fv2%2Ftags&post=1710"}],"curies":[{"name":"wp","href":"https:\/\/api.w.org\/{rel}","templated":true}]}}