{"id":1470,"date":"2016-01-24T00:14:26","date_gmt":"2016-01-23T22:14:26","guid":{"rendered":"http:\/\/www.fleck-ev.de\/?p=1470"},"modified":"2016-01-24T00:19:18","modified_gmt":"2016-01-23T22:19:18","slug":"kinderbetreuung-fleckchen","status":"publish","type":"post","link":"http:\/\/www.fleck-ev.de\/?p=1470","title":{"rendered":"Kinderbetreuung FLEckchen"},"content":{"rendered":"<p>In den Eckentaler Unterk\u00fcnften hat sich einiges getan: wir haben viele neue Bewohner, darunter auch Familien mit Kindern aus Syrien.<\/p>\n<p style=\"text-align: center;\">\n<p style=\"text-align: center;\"><strong>Hilfe f\u00fcr Kinderbetreuung &#8222;FLEckchen&#8220; gesucht<\/strong><a href=\"http:\/\/www.fleck-ev.de\/wp-content\/uploads\/2016\/01\/Kindergruppe.jpeg\" rel=\"attachment wp-att-1471\"><img loading=\"lazy\" decoding=\"async\" class=\"alignright wp-image-1471 size-medium\" src=\"http:\/\/www.fleck-ev.de\/wp-content\/uploads\/2016\/01\/Kindergruppe-300x255.jpeg\" alt=\"Kindergruppe\" width=\"300\" height=\"255\" srcset=\"http:\/\/www.fleck-ev.de\/wp-content\/uploads\/2016\/01\/Kindergruppe-300x255.jpeg 300w, http:\/\/www.fleck-ev.de\/wp-content\/uploads\/2016\/01\/Kindergruppe-768x653.jpeg 768w, http:\/\/www.fleck-ev.de\/wp-content\/uploads\/2016\/01\/Kindergruppe-1024x871.jpeg 1024w\" sizes=\"auto, (max-width: 300px) 100vw, 300px\" \/><\/a><\/p>\n<p style=\"text-align: center;\">\n<p style=\"text-align: center;\">Damit die Eltern den Deutschunterricht besuchen k\u00f6nnen, sucht FLEck e.V. ehrenamtliche Helferinnen, die einmal die Woche an einem festen Wochentag von 9.15 bis 11.45 Uhr sechs bis maximal zw\u00f6lf Kinder im Alter zwischen anderthalb und f\u00fcnf Jahren betreuen. Die Betreuerinnen sollen jeweils zu zweit zusammen mit einer Fl\u00fcchtlingsmama mit den Kindern spielen &#8211; anfangs bekommen sie dabei Anleitung und Unterst\u00fctzung von erfahrenen FLEck-Mitarbeitern, eine p\u00e4dagogische Ausbildung ist nicht notwendig. Geplanter Start ist der 15.02.16. Bitte melden Sie sich bei Claudia Bl\u00f6chl (mobil 01573-0311486) oder \u00fcber kontakt@fleck-ev.de.<\/p>\n","protected":false},"excerpt":{"rendered":"<p>In den Eckentaler Unterk\u00fcnften hat sich einiges getan: wir haben viele neue Bewohner, darunter auch Familien mit Kindern aus Syrien. Hilfe f\u00fcr Kinderbetreuung &#8222;FLEckchen&#8220; gesucht Damit die Eltern den Deutschunterricht besuchen k\u00f6nnen, sucht FLEck e.V. ehrenamtliche Helferinnen, die einmal die Woche an einem festen Wochentag von 9.15 bis 11.45 Uhr sechs bis maximal zw\u00f6lf Kinder [&hellip;]<\/p>\n","protected":false},"author":4,"featured_media":0,"comment_status":"closed","ping_status":"closed","sticky":false,"template":"","format":"standard","meta":{"footnotes":""},"categories":[1],"tags":[],"class_list":["post-1470","post","type-post","status-publish","format-standard","hentry","category-allgemein"],"_links":{"self":[{"href":"http:\/\/www.fleck-ev.de\/index.php?rest_route=\/wp\/v2\/posts\/1470","targetHints":{"allow":["GET"]}}],"collection":[{"href":"http:\/\/www.fleck-ev.de\/index.php?rest_route=\/wp\/v2\/posts"}],"about":[{"href":"http:\/\/www.fleck-ev.de\/index.php?rest_route=\/wp\/v2\/types\/post"}],"author":[{"embeddable":true,"href":"http:\/\/www.fleck-ev.de\/index.php?rest_route=\/wp\/v2\/users\/4"}],"replies":[{"embeddable":true,"href":"http:\/\/www.fleck-ev.de\/index.php?rest_route=%2Fwp%2Fv2%2Fcomments&post=1470"}],"version-history":[{"count":5,"href":"http:\/\/www.fleck-ev.de\/index.php?rest_route=\/wp\/v2\/posts\/1470\/revisions"}],"predecessor-version":[{"id":1476,"href":"http:\/\/www.fleck-ev.de\/index.php?rest_route=\/wp\/v2\/posts\/1470\/revisions\/1476"}],"wp:attachment":[{"href":"http:\/\/www.fleck-ev.de\/index.php?rest_route=%2Fwp%2Fv2%2Fmedia&parent=1470"}],"wp:term":[{"taxonomy":"category","embeddable":true,"href":"http:\/\/www.fleck-ev.de\/index.php?rest_route=%2Fwp%2Fv2%2Fcategories&post=1470"},{"taxonomy":"post_tag","embeddable":true,"href":"http:\/\/www.fleck-ev.de\/index.php?rest_route=%2Fwp%2Fv2%2Ftags&post=1470"}],"curies":[{"name":"wp","href":"https:\/\/api.w.org\/{rel}","templated":true}]}}