{"id":1410,"date":"2015-12-16T02:33:28","date_gmt":"2015-12-16T00:33:28","guid":{"rendered":"http:\/\/www.fleck-ev.de\/?p=1410"},"modified":"2015-12-20T13:57:14","modified_gmt":"2015-12-20T11:57:14","slug":"weihnachten-steht-vor-der-tuer","status":"publish","type":"post","link":"http:\/\/www.fleck-ev.de\/?p=1410","title":{"rendered":"Weihnachten steht vor der T\u00fcr"},"content":{"rendered":"<div id=\"attachment_1437\" style=\"width: 965px\" class=\"wp-caption aligncenter\"><a href=\"http:\/\/www.fleck-ev.de\/wp-content\/uploads\/2015\/12\/Nikolaus.jpg\"><img loading=\"lazy\" decoding=\"async\" aria-describedby=\"caption-attachment-1437\" class=\"wp-image-1437 size-large\" src=\"http:\/\/www.fleck-ev.de\/wp-content\/uploads\/2015\/12\/Nikolaus-1024x744.jpg\" alt=\"Nikolaus\" width=\"955\" height=\"694\" srcset=\"http:\/\/www.fleck-ev.de\/wp-content\/uploads\/2015\/12\/Nikolaus.jpg 1024w, http:\/\/www.fleck-ev.de\/wp-content\/uploads\/2015\/12\/Nikolaus-300x218.jpg 300w\" sizes=\"auto, (max-width: 955px) 100vw, 955px\" \/><\/a><p id=\"caption-attachment-1437\" class=\"wp-caption-text\">Neulich im Caf\u00e9 FLEck kam doch tats\u00e4chlich der Nikolaus vorbei!<\/p><\/div>\n<p style=\"text-align: left;\">\n<h3 style=\"text-align: center;\">\u00a0\u00a0<strong> <span style=\"color: #000000;\">FLEck e.V. w\u00fcnscht allen <\/span><\/strong><\/h3>\n<h3 style=\"text-align: center;\"><strong><span style=\"color: #000000;\">eine sch\u00f6ne Adventszeit und fr\u00f6hliche Weihnachten!<\/span><\/strong><\/h3>\n<div id=\"attachment_1411\" style=\"width: 360px\" class=\"wp-caption alignright\"><a href=\"http:\/\/www.fleck-ev.de\/wp-content\/uploads\/2015\/12\/Weihnachten.jpeg\"><img loading=\"lazy\" decoding=\"async\" aria-describedby=\"caption-attachment-1411\" class=\"wp-image-1411\" src=\"http:\/\/www.fleck-ev.de\/wp-content\/uploads\/2015\/12\/Weihnachten-281x300.jpeg\" alt=\"Weihnachten\" width=\"350\" height=\"374\" srcset=\"http:\/\/www.fleck-ev.de\/wp-content\/uploads\/2015\/12\/Weihnachten-281x300.jpeg 281w, http:\/\/www.fleck-ev.de\/wp-content\/uploads\/2015\/12\/Weihnachten-958x1024.jpeg 958w\" sizes=\"auto, (max-width: 350px) 100vw, 350px\" \/><\/a><p id=\"caption-attachment-1411\" class=\"wp-caption-text\">Bitte klicken Sie auf das Bild, um es zu vergr\u00f6\u00dfern!<\/p><\/div>\n<p>Und damit es Ihnen nicht geht wie unserem kleinen Weihnachtsmann nebenan: Lassen Sie sich nicht stressen und genie\u00dfen Sie die Weihnachtszeit! Mit Pl\u00e4tzchenduft und Kerzenschein, auf den Weihnachtsm\u00e4rkten und daheim unterm Christbaum, ein bisschen feierlich, vor allem vergn\u00fcgt und mit Weihnachtsliedern untermalt.<\/p>\n<p>\u00dcbrigens: Auch im Islam wird der Geburtstag des Religionsgr\u00fcnders gefeiert: Mohammeds Geburt wird auf das Jahr 570 datiert und wird im dritten Monat des islamischen Mondkalenders in der Nacht zum 12. Rabi`ul-evvel gefeiert. Dieser Tag hei\u00dft Mevlid Kandili oder Mawlid an-Nabi. Das bedeutet &#8222;Lichterfest zum Geburtstag&#8220; und &#8222;Geburtstag des Propheten&#8220;. Dieser Tag wird von vielen Muslimen sehr unterschiedlich gefeiert. Er hat allerdings nicht die gro\u00dfe Bedeutung wie Weihnachten bei uns. An diesem Tag gibt es eher kleinere und bescheidenere Rituale: an einigen Orten werden die Moscheen erleuchtet, da zwischen der Geburt Mohammeds und dem Begriff des \u201eLichtes\u201c eine enge Verbindung besteht, man erz\u00e4hlt sich Legenden aus Mohammeds Leben, und mancherorts werden Rosen verteilt. Mevlid ist auch kein hoher Feiertag. Das erkl\u00e4rt sich dadurch, dass Mohammed nicht der &#8222;Erl\u00f6ser&#8220; ist, sondern lediglich als Prophet der \u00dcberbringer von Allahs Botschaft, dem Koran, fungiert. Au\u00dferdem ist die Bedeutung von Geburtstagen im Islam insgesamt eher untergeordnet.<\/p>\n<p>Und auch wenn die meisten &#8222;unserer&#8220; Fl\u00fcchtlinge Muslime sind, so feiern sie gerne mit uns &#8211; ganz zwanglos &#8211; unsere Feste. Ein sch\u00f6ner Anlass, gesellig zusammen zu sitzen und deutsche Gem\u00fctlichkeit zu zelebrieren, kann immer genutzt werden. F\u00fcr &#8222;Gem\u00fctlichkeit&#8220; gibt in anderen Sprachen kein Wort &#8211; sie kann also nicht direkt \u00fcbersetzt, sondern am besten &#8222;in der praktischen Anwendung&#8220; gezeigt und vermittelt werden. Ich habe in einem Online-Lexikon eine englische Erkl\u00e4rung\/Umschreibung gefunden, die mir sehr gut gef\u00e4llt und die es gut trifft:<br \/>\n<strong>atmosphere of comfort, peace and acceptance<\/strong>.<\/p>\n<p>In diesem Sinne w\u00fcnschen wir uns allen gem\u00fctliche Weihnachten!!!<\/p>\n","protected":false},"excerpt":{"rendered":"<p>\u00a0\u00a0 FLEck e.V. w\u00fcnscht allen eine sch\u00f6ne Adventszeit und fr\u00f6hliche Weihnachten! Und damit es Ihnen nicht geht wie unserem kleinen Weihnachtsmann nebenan: Lassen Sie sich nicht stressen und genie\u00dfen Sie die Weihnachtszeit! Mit Pl\u00e4tzchenduft und Kerzenschein, auf den Weihnachtsm\u00e4rkten und daheim unterm Christbaum, ein bisschen feierlich, vor allem vergn\u00fcgt und mit Weihnachtsliedern untermalt. \u00dcbrigens: Auch [&hellip;]<\/p>\n","protected":false},"author":4,"featured_media":0,"comment_status":"closed","ping_status":"closed","sticky":false,"template":"","format":"standard","meta":{"footnotes":""},"categories":[1],"tags":[],"class_list":["post-1410","post","type-post","status-publish","format-standard","hentry","category-allgemein"],"_links":{"self":[{"href":"http:\/\/www.fleck-ev.de\/index.php?rest_route=\/wp\/v2\/posts\/1410","targetHints":{"allow":["GET"]}}],"collection":[{"href":"http:\/\/www.fleck-ev.de\/index.php?rest_route=\/wp\/v2\/posts"}],"about":[{"href":"http:\/\/www.fleck-ev.de\/index.php?rest_route=\/wp\/v2\/types\/post"}],"author":[{"embeddable":true,"href":"http:\/\/www.fleck-ev.de\/index.php?rest_route=\/wp\/v2\/users\/4"}],"replies":[{"embeddable":true,"href":"http:\/\/www.fleck-ev.de\/index.php?rest_route=%2Fwp%2Fv2%2Fcomments&post=1410"}],"version-history":[{"count":25,"href":"http:\/\/www.fleck-ev.de\/index.php?rest_route=\/wp\/v2\/posts\/1410\/revisions"}],"predecessor-version":[{"id":1440,"href":"http:\/\/www.fleck-ev.de\/index.php?rest_route=\/wp\/v2\/posts\/1410\/revisions\/1440"}],"wp:attachment":[{"href":"http:\/\/www.fleck-ev.de\/index.php?rest_route=%2Fwp%2Fv2%2Fmedia&parent=1410"}],"wp:term":[{"taxonomy":"category","embeddable":true,"href":"http:\/\/www.fleck-ev.de\/index.php?rest_route=%2Fwp%2Fv2%2Fcategories&post=1410"},{"taxonomy":"post_tag","embeddable":true,"href":"http:\/\/www.fleck-ev.de\/index.php?rest_route=%2Fwp%2Fv2%2Ftags&post=1410"}],"curies":[{"name":"wp","href":"https:\/\/api.w.org\/{rel}","templated":true}]}}