{"id":1332,"date":"2015-11-13T10:40:32","date_gmt":"2015-11-13T08:40:32","guid":{"rendered":"http:\/\/www.fleck-ev.de\/?p=1332"},"modified":"2015-12-19T00:32:52","modified_gmt":"2015-12-18T22:32:52","slug":"fleck-e-v-sagt-danke","status":"publish","type":"post","link":"http:\/\/www.fleck-ev.de\/?p=1332","title":{"rendered":"FLEck e.V. sagt &#8222;Danke!&#8220;"},"content":{"rendered":"<p>Es ist an der Zeit, einmal &#8222;Danke&#8220; zu sagen: Dank an all die Spender von Sachspenden, die wir zur Unterst\u00fctzung der Fl\u00fcchtlinge so gut verwenden k\u00f6nnen. Die \u00fcberw\u00e4ltigende Hilfsbereitschaft rei\u00dft nicht ab und wir werden immer wieder gefragt, wo es noch fehlt und wie man helfen kann.<br \/>\nDie erste Antwort darauf: Eine aktuelle Liste mit den ben\u00f6tigten Dingen steht auf unserer Homepage: <a class=\"moz-txt-link-abbreviated\" href=\"http:\/\/www.fleck-ev.de\">www.fleck-ev.de<\/a> unter der Rubrik &#8222;Sachspenden &#8211; aktuell gesucht&#8220;. Unsere Sachspenden-Koordinatorin meldet sich schnellstm\u00f6glich bei Kontaktaufnahme. F\u00fcr diejenigen, die nicht im Internet unterwegs sind, drucken wir von Zeit zu Zeit eine Liste im Wochenblatt ab. Aktuell suchen wir: gebrauchte Fahrr\u00e4der, B\u00fcgeleisen, Schuhregale\/Schuhablagen, tragbare CD-Player f\u00fcr den Deutschunterricht, gro\u00dfe Koffer (m\u00f6glichst Hartschale) und Sportutensilien wie Softb\u00e4lle f\u00fcr Fu\u00dfball, Fu\u00dfballschuhe Gr. 40 bis 42 und Sporttaschen.<\/p>\n<p><a href=\"http:\/\/www.fleck-ev.de\/wp-content\/uploads\/2015\/11\/comic_klinge-M\u00f6bel1-1.jpg\"><img loading=\"lazy\" decoding=\"async\" class=\"wp-image-1334 alignright\" src=\"http:\/\/www.fleck-ev.de\/wp-content\/uploads\/2015\/11\/comic_klinge-M\u00f6bel1-1-1024x845.jpg\" alt=\"comic_klinge-M\u00f6bel1-1\" width=\"450\" height=\"371\" srcset=\"http:\/\/www.fleck-ev.de\/wp-content\/uploads\/2015\/11\/comic_klinge-M\u00f6bel1-1-1024x845.jpg 1024w, http:\/\/www.fleck-ev.de\/wp-content\/uploads\/2015\/11\/comic_klinge-M\u00f6bel1-1-300x248.jpg 300w\" sizes=\"auto, (max-width: 450px) 100vw, 450px\" \/><\/a><\/p>\n<p>Bitte haben Sie Verst\u00e4ndnis daf\u00fcr, wenn wir leider manches nicht (sofort) annehmen k\u00f6nnen, weil uns die Lagerm\u00f6glichkeiten fehlen. Wir suchen dringend nach gut erreichbaren R\u00e4umen, in denen wir Sachspenden zwischenlagern k\u00f6nnen.<br \/>\nSollten Sie uns hier weiterhelfen k\u00f6nnen, melden Sie sich bitte unter <a class=\"moz-txt-link-abbreviated\" href=\"mailto:sachspenden@fleck-ev.de\">sachspenden@fleck-ev.de<\/a>. Wir bitten dringend darum, dass keine Spenden ohne R\u00fccksprache mit FLEck e.V. oder dem Asylsozialarbeiter von der Caritas, Herrn Christian Lohmann, direkt in die Unterk\u00fcnfte gebracht werden. Und wir bitten um Verst\u00e4ndnis daf\u00fcr, dass wir keine Spendenbescheinigungen f\u00fcr gebrauchte Sachspenden ausstellen, da die Wertermittlung \u00e4u\u00dferst schwierig ist.<br \/>\nDie zweite Antwort auf Anfragen in Sachen Sachspenden lautet, dass wir viele Dinge, z.B. Kleidung, leider eben nicht selbst lagern k\u00f6nnen. Hier ist unser Kooperationspartner das Kreislauf-Kaufhaus in Forth. Dort k\u00f6nnen vor allem gut erhaltene Kleidung, aber auch andere gebrauchte Gegenst\u00e4nde abgegeben werden. Fl\u00fcchtlinge k\u00f6nnen hier sehr g\u00fcnstig einkaufen und nutzen diese M\u00f6glichkeit auch oft. Das Kreislauf-Kaufhaus ist eine caritative und gemeinn\u00fctzige Einrichtung, die f\u00fcr Wiederverwertung und den Verkauf von gut erhaltenen und aufbereiteten Gebrauchtwaren unter der Pr\u00e4misse der Abfallvermeidung und der Integration von arbeitslosen Menschen steht. Viele fragen, warum ihre Spenden im Kreislauf-Kaufhaus an die Fl\u00fcchtlinge verkauft werden. Das hat vor allem zwei Gr\u00fcnde: \u201eWas nichts kostet, ist nichts wert\u201c, so sagt man. Die Sachen haben einen Wert und das soll sich in einem Preis ausdr\u00fccken, auch wenn er niedrig gehalten wird. Und: In manchen Kulturen bedeutet ein Geschenk, dass man gleichzeitig auch von ihnen etwas erwartet. Wir wollen die Leute versorgen, ihnen aber gleichzeitig das Gef\u00fchl geben, unabh\u00e4ngig zu sein. Wer ist schon gerne auf Almosen angewiesen? Hilfe zur Selbsthilfe und Integration muss das Motto sein.<br \/>\nAu\u00dferdem darf nicht vergessen werden, dass dem Kreislauf-Kaufhaus durch die Verteilung von Sachspenden Kosten entstehen, die tats\u00e4chlichen Kosten werden durch den Verkauf jedoch nicht gedeckt. Letztendlich wichtig f\u00fcr die Spender zu wissen, ist vor allem, dass ihre Spende bei Menschen hier vor Ort ankommt: es profitieren alle Bed\u00fcrftigen. Bitte nutzen Sie diese M\u00f6glichkeit.<\/p>\n<p>Und man kann es nicht oft genug sagen: Ich bin sehr dankbar daf\u00fcr, dass ich in Eckental an einem Ort lebe, der Menschen, die in Not sind, so hilfsbereit willkommen hei\u00dft. Danke.<\/p>\n","protected":false},"excerpt":{"rendered":"<p>Es ist an der Zeit, einmal &#8222;Danke&#8220; zu sagen: Dank an all die Spender von Sachspenden, die wir zur Unterst\u00fctzung der Fl\u00fcchtlinge so gut verwenden k\u00f6nnen. Die \u00fcberw\u00e4ltigende Hilfsbereitschaft rei\u00dft nicht ab und wir werden immer wieder gefragt, wo es noch fehlt und wie man helfen kann. Die erste Antwort darauf: Eine aktuelle Liste mit [&hellip;]<\/p>\n","protected":false},"author":4,"featured_media":0,"comment_status":"closed","ping_status":"closed","sticky":false,"template":"","format":"standard","meta":{"footnotes":""},"categories":[1],"tags":[],"class_list":["post-1332","post","type-post","status-publish","format-standard","hentry","category-allgemein"],"_links":{"self":[{"href":"http:\/\/www.fleck-ev.de\/index.php?rest_route=\/wp\/v2\/posts\/1332","targetHints":{"allow":["GET"]}}],"collection":[{"href":"http:\/\/www.fleck-ev.de\/index.php?rest_route=\/wp\/v2\/posts"}],"about":[{"href":"http:\/\/www.fleck-ev.de\/index.php?rest_route=\/wp\/v2\/types\/post"}],"author":[{"embeddable":true,"href":"http:\/\/www.fleck-ev.de\/index.php?rest_route=\/wp\/v2\/users\/4"}],"replies":[{"embeddable":true,"href":"http:\/\/www.fleck-ev.de\/index.php?rest_route=%2Fwp%2Fv2%2Fcomments&post=1332"}],"version-history":[{"count":7,"href":"http:\/\/www.fleck-ev.de\/index.php?rest_route=\/wp\/v2\/posts\/1332\/revisions"}],"predecessor-version":[{"id":1341,"href":"http:\/\/www.fleck-ev.de\/index.php?rest_route=\/wp\/v2\/posts\/1332\/revisions\/1341"}],"wp:attachment":[{"href":"http:\/\/www.fleck-ev.de\/index.php?rest_route=%2Fwp%2Fv2%2Fmedia&parent=1332"}],"wp:term":[{"taxonomy":"category","embeddable":true,"href":"http:\/\/www.fleck-ev.de\/index.php?rest_route=%2Fwp%2Fv2%2Fcategories&post=1332"},{"taxonomy":"post_tag","embeddable":true,"href":"http:\/\/www.fleck-ev.de\/index.php?rest_route=%2Fwp%2Fv2%2Ftags&post=1332"}],"curies":[{"name":"wp","href":"https:\/\/api.w.org\/{rel}","templated":true}]}}