{"id":1308,"date":"2015-10-30T12:52:31","date_gmt":"2015-10-30T10:52:31","guid":{"rendered":"http:\/\/www.fleck-ev.de\/?p=1308"},"modified":"2015-12-19T00:36:53","modified_gmt":"2015-12-18T22:36:53","slug":"fleck-informiert-im-wochenblatt-vom-14-10-2015","status":"publish","type":"post","link":"http:\/\/www.fleck-ev.de\/?p=1308","title":{"rendered":"FLEck informiert"},"content":{"rendered":"<p><strong>Unterk\u00fcnfte voll belegt<\/strong><br \/>\nIn den drei Unterk\u00fcnften in Eschenau und Forth sind zur Zeit 110 Asylsuchende aus Tschetschenien, Albanien, dem Kosovo, Syrien, \u00c4thiopien, Pakistan, Afghanistan, Aserbaidschan, Iran und dem Irak untergebracht, darunter auch mehrere Familien mit Kindern. Sie werden von drei Teams von Alltagsbegleitern und einem Asylsozialarbeiter von der Caritas, der au\u00dferdem auch f\u00fcr die Fl\u00fcchtlinge in Heroldsberg zust\u00e4ndig ist, betreut. Wer nicht in die Schule geht, kann an den von FLEck e.V. angebotenen Deutschkursen in Eckental teilnehmen und diese Chance wird von vielen mit viel Lerneifer wahrgenommen. Neben den Kursen zum Spracherwerb, werden verschiedene Freizeitaktivit\u00e4ten organisiert. So gibt es au\u00dferhalb der beengten Asylunterk\u00fcnfte Angebote, die die oft lange Wartezeit bis zur Entscheidung des Asylantrags sinnvoll \u00fcberbr\u00fccken. In den Eckentaler Sportvereinen wird der sportliche Nachwuchs freundlich aufgenommen. Die hochmotivierten Neulinge f\u00fcgen sich gut in die bestehenden Mannschaften und Gruppen ein. Da die b\u00fcrokratischen H\u00fcrden bei der Arbeitsaufnahme nach wie vor hoch sind, k\u00f6nnen leider nur wenige Asylsuchende arbeiten, obwohl die Nachfrage hoch ist. Es gibt immer wieder Wechsel in der Belegung, wenn jemand entweder seine Ablehnung oder Anerkennung bekommt. Der Abschied f\u00e4llt bei einer Ausweisung oft schwer. Einige anerkannte Fl\u00fcchtlinge konnten schon in die erste eigene Wohnung umziehen, aber es werden nach wie vor Wohnungen gesucht. FLEck e.V. verschlie\u00dft nicht die Augen vor der insgesamt schwierigen Situation und will auch nichts &#8222;sch\u00f6nreden&#8220;, aber in Eckental sind wir auf einem guten Weg: Dank an alle Spender und Unterst\u00fctzer!<\/p>\n","protected":false},"excerpt":{"rendered":"<p>Unterk\u00fcnfte voll belegt In den drei Unterk\u00fcnften in Eschenau und Forth sind zur Zeit 110 Asylsuchende aus Tschetschenien, Albanien, dem Kosovo, Syrien, \u00c4thiopien, Pakistan, Afghanistan, Aserbaidschan, Iran und dem Irak untergebracht, darunter auch mehrere Familien mit Kindern. Sie werden von drei Teams von Alltagsbegleitern und einem Asylsozialarbeiter von der Caritas, der au\u00dferdem auch f\u00fcr die [&hellip;]<\/p>\n","protected":false},"author":4,"featured_media":0,"comment_status":"closed","ping_status":"closed","sticky":false,"template":"","format":"standard","meta":{"footnotes":""},"categories":[1],"tags":[],"class_list":["post-1308","post","type-post","status-publish","format-standard","hentry","category-allgemein"],"_links":{"self":[{"href":"http:\/\/www.fleck-ev.de\/index.php?rest_route=\/wp\/v2\/posts\/1308","targetHints":{"allow":["GET"]}}],"collection":[{"href":"http:\/\/www.fleck-ev.de\/index.php?rest_route=\/wp\/v2\/posts"}],"about":[{"href":"http:\/\/www.fleck-ev.de\/index.php?rest_route=\/wp\/v2\/types\/post"}],"author":[{"embeddable":true,"href":"http:\/\/www.fleck-ev.de\/index.php?rest_route=\/wp\/v2\/users\/4"}],"replies":[{"embeddable":true,"href":"http:\/\/www.fleck-ev.de\/index.php?rest_route=%2Fwp%2Fv2%2Fcomments&post=1308"}],"version-history":[{"count":2,"href":"http:\/\/www.fleck-ev.de\/index.php?rest_route=\/wp\/v2\/posts\/1308\/revisions"}],"predecessor-version":[{"id":1310,"href":"http:\/\/www.fleck-ev.de\/index.php?rest_route=\/wp\/v2\/posts\/1308\/revisions\/1310"}],"wp:attachment":[{"href":"http:\/\/www.fleck-ev.de\/index.php?rest_route=%2Fwp%2Fv2%2Fmedia&parent=1308"}],"wp:term":[{"taxonomy":"category","embeddable":true,"href":"http:\/\/www.fleck-ev.de\/index.php?rest_route=%2Fwp%2Fv2%2Fcategories&post=1308"},{"taxonomy":"post_tag","embeddable":true,"href":"http:\/\/www.fleck-ev.de\/index.php?rest_route=%2Fwp%2Fv2%2Ftags&post=1308"}],"curies":[{"name":"wp","href":"https:\/\/api.w.org\/{rel}","templated":true}]}}