{"id":1154,"date":"2015-09-10T13:52:58","date_gmt":"2015-09-10T11:52:58","guid":{"rendered":"http:\/\/www.fleck-ev.de\/?p=1154"},"modified":"2015-12-19T00:33:25","modified_gmt":"2015-12-18T22:33:25","slug":"newcommer-fuer-neue-mitarbeiter-bei-fleck-e-v","status":"publish","type":"post","link":"http:\/\/www.fleck-ev.de\/?p=1154","title":{"rendered":"&#8222;Newcomer Treffen&#8220; in Forth mit gro\u00dfer Resonanz"},"content":{"rendered":"<p>Am 12. Oktober 2015 lud FLEck e.V. alle interessierten B\u00fcrger\u00a0 zum \u201cNewcomer Treffen\u201d ein. Die Resonanz war wieder beeindruckend: der Speisesaal des Diakonischen Zentrums in Forth war mit etwa 90 Personen bis auf den letzten Platz besetzt.<\/p>\n<p>Nach einer Pr\u00e4sentation des ersten Vorsitzenden Henning Hoffmann \u00fcber die Arbeitsweise und Arbeitsbereiche von FLEck e.V., setzte man sich in Kleingruppen zusammen und die Verantwortlichen der Arbeitskreise und Koordinationsstellen erl\u00e4uterten, tatkr\u00e4ftig unterst\u00fctzt von Aktiven aus den einzelnen Bereichen, was alles zu tun ist und wo man sich einbringen kann. Viele der Interessierten kn\u00fcpften bereits Kontakte und trugen sich in die ausgelegten Listen ein.<\/p>\n<p>Als zweifelsohne besonders kompetente Ansprechpartner waren auch drei unserer Sch\u00fctzlinge anwesend, zwei davon sind bereits anerkannt. Sie betonten, dass FLEck ihnen eine gro\u00dfe Hilfe sei, bedankten sich zum Teil pers\u00f6nlich bei den anwesenden Betreuern und einer von ihnen erkl\u00e4rte, &#8222;FLEck&#8220; sei f\u00fcr ihn zu einer zweiten Familie hier in Deutschland geworden: ein gro\u00dfes Kompliment und nur ein Beispiel von vielen daf\u00fcr, dass unsere Arbeit &#8222;ankommt&#8220;, gesehen und gesch\u00e4tzt wird.<\/p>\n<p>In diesem Sinne: Wir freuen uns sehr \u00fcber unsere neuen MitarbeiterInnen und Unterst\u00fctzerInnen und hei\u00dfen sie in unserer FLEck Familie herzlich willkommen!<\/p>\n<p>&nbsp;<\/p>\n","protected":false},"excerpt":{"rendered":"<p>Am 12. Oktober 2015 lud FLEck e.V. alle interessierten B\u00fcrger\u00a0 zum \u201cNewcomer Treffen\u201d ein. Die Resonanz war wieder beeindruckend: der Speisesaal des Diakonischen Zentrums in Forth war mit etwa 90 Personen bis auf den letzten Platz besetzt. Nach einer Pr\u00e4sentation des ersten Vorsitzenden Henning Hoffmann \u00fcber die Arbeitsweise und Arbeitsbereiche von FLEck e.V., setzte man [&hellip;]<\/p>\n","protected":false},"author":1,"featured_media":0,"comment_status":"closed","ping_status":"closed","sticky":false,"template":"","format":"standard","meta":{"footnotes":""},"categories":[1],"tags":[],"class_list":["post-1154","post","type-post","status-publish","format-standard","hentry","category-allgemein"],"_links":{"self":[{"href":"http:\/\/www.fleck-ev.de\/index.php?rest_route=\/wp\/v2\/posts\/1154","targetHints":{"allow":["GET"]}}],"collection":[{"href":"http:\/\/www.fleck-ev.de\/index.php?rest_route=\/wp\/v2\/posts"}],"about":[{"href":"http:\/\/www.fleck-ev.de\/index.php?rest_route=\/wp\/v2\/types\/post"}],"author":[{"embeddable":true,"href":"http:\/\/www.fleck-ev.de\/index.php?rest_route=\/wp\/v2\/users\/1"}],"replies":[{"embeddable":true,"href":"http:\/\/www.fleck-ev.de\/index.php?rest_route=%2Fwp%2Fv2%2Fcomments&post=1154"}],"version-history":[{"count":10,"href":"http:\/\/www.fleck-ev.de\/index.php?rest_route=\/wp\/v2\/posts\/1154\/revisions"}],"predecessor-version":[{"id":1250,"href":"http:\/\/www.fleck-ev.de\/index.php?rest_route=\/wp\/v2\/posts\/1154\/revisions\/1250"}],"wp:attachment":[{"href":"http:\/\/www.fleck-ev.de\/index.php?rest_route=%2Fwp%2Fv2%2Fmedia&parent=1154"}],"wp:term":[{"taxonomy":"category","embeddable":true,"href":"http:\/\/www.fleck-ev.de\/index.php?rest_route=%2Fwp%2Fv2%2Fcategories&post=1154"},{"taxonomy":"post_tag","embeddable":true,"href":"http:\/\/www.fleck-ev.de\/index.php?rest_route=%2Fwp%2Fv2%2Ftags&post=1154"}],"curies":[{"name":"wp","href":"https:\/\/api.w.org\/{rel}","templated":true}]}}